{"id":22291,"date":"2023-05-13T19:04:55","date_gmt":"2023-05-14T01:04:55","guid":{"rendered":"https:\/\/enconecte.com\/?p=22291"},"modified":"2023-05-16T19:08:17","modified_gmt":"2023-05-17T01:08:17","slug":"los-maestros-y-maestras-son-motor-de-desarrollo-y-progreso-humberto-salazar","status":"publish","type":"post","link":"https:\/\/enconecte.com\/?p=22291","title":{"rendered":"LOS MAESTROS Y MAESTRAS SON MOTOR DE DESARROLLO Y PROGRESO: HUMBERTO SALAZAR"},"content":{"rendered":"<ul>\n<li>\u00a1Encabez\u00f3 el alcalde el festejo por su d\u00eda a los docentes<\/li>\n<\/ul>\n<p>Jerez, Zac.-Los maestros y maestras son el motor del desarrollo y progreso del municipio, estado y pa\u00eds; son gu\u00edas para nuestros ni\u00f1os y ni\u00f1as, transmiti\u00e9ndoles valores y conocimientos que ayudan a construir su futuro. Esto fue expresado por el alcalde Jos\u00e9 Humberto Salazar Contreras, quien encabez\u00f3 junto con su esposa, la presidenta honor\u00edfica del DIF, Bertha Alicia Garc\u00eda Duarte, la celebraci\u00f3n ofrecida por el gobierno municipal en honor al D\u00eda del Maestro.<\/p>\n<p>Durante la convivencia, el doctor Salazar expres\u00f3 el reconocimiento del Ayuntamiento 2021-2024 y de la sociedad, y afirm\u00f3 que hoy m\u00e1s que nunca debemos valorar su trabajo, a pesar de los problemas que han afectado a la educaci\u00f3n en los \u00faltimos a\u00f1os. Sin embargo, agreg\u00f3 que gracias al esp\u00edritu y cari\u00f1o por la docencia, los maestros y maestras no disminuyeron su ritmo de trabajo durante la pandemia, logrando que las alumnas y alumnos pudieran seguir su preparaci\u00f3n escolar.<\/p>\n<p>En el evento, el presidente municipal entreg\u00f3 reconocimientos a un grupo de profesionales de la educaci\u00f3n que cumplen 30 y 40 a\u00f1os de servicio. Entre ellos se encontraban Silverio Ju\u00e1rez S\u00e1nchez, Enrique Murillo Qui\u00f1ones, Carlos L\u00f3pez Garc\u00eda y Consuelo Delgado Moreno, quienes cumplieron tres d\u00e9cadas en el aula, y Adolfo Carrillo Berm\u00fadez, quien cumpli\u00f3 40 a\u00f1os en el servicio docente.<\/p>\n<p><a  href=\"https:\/\/enconecte.com\/wp-content\/uploads\/2023\/05\/a4e40f76-c287-406a-87e7-1a26355d62d5.jpg\" data-rel=\"lightbox-gallery-0\" data-rl_title=\"\" data-rl_caption=\"\" title=\"\"><img loading=\"lazy\" decoding=\"async\" class=\"alignnone size-full wp-image-22293\" src=\"https:\/\/enconecte.com\/wp-content\/uploads\/2023\/05\/a4e40f76-c287-406a-87e7-1a26355d62d5.jpg\" alt=\"\" width=\"1599\" height=\"1066\" srcset=\"https:\/\/enconecte.com\/wp-content\/uploads\/2023\/05\/a4e40f76-c287-406a-87e7-1a26355d62d5.jpg 1599w, https:\/\/enconecte.com\/wp-content\/uploads\/2023\/05\/a4e40f76-c287-406a-87e7-1a26355d62d5-300x200.jpg 300w, https:\/\/enconecte.com\/wp-content\/uploads\/2023\/05\/a4e40f76-c287-406a-87e7-1a26355d62d5-1024x683.jpg 1024w, https:\/\/enconecte.com\/wp-content\/uploads\/2023\/05\/a4e40f76-c287-406a-87e7-1a26355d62d5-768x512.jpg 768w, https:\/\/enconecte.com\/wp-content\/uploads\/2023\/05\/a4e40f76-c287-406a-87e7-1a26355d62d5-1536x1024.jpg 1536w, https:\/\/enconecte.com\/wp-content\/uploads\/2023\/05\/a4e40f76-c287-406a-87e7-1a26355d62d5-150x100.jpg 150w, https:\/\/enconecte.com\/wp-content\/uploads\/2023\/05\/a4e40f76-c287-406a-87e7-1a26355d62d5-696x464.jpg 696w, https:\/\/enconecte.com\/wp-content\/uploads\/2023\/05\/a4e40f76-c287-406a-87e7-1a26355d62d5-1068x712.jpg 1068w, https:\/\/enconecte.com\/wp-content\/uploads\/2023\/05\/a4e40f76-c287-406a-87e7-1a26355d62d5-630x420.jpg 630w\" sizes=\"auto, (max-width: 1599px) 100vw, 1599px\" \/><\/a><\/p>\n<p>El presidente estuvo acompa\u00f1ado por el regidor Natanahel Alexis Vargas, el director de Desarrollo Econ\u00f3mico y Social David Josafat de la Torre Pinedo, la coordinadora municipal de educaci\u00f3n Mar\u00eda Esther Ibarra Guzm\u00e1n, los representantes de la Direcci\u00f3n de Servicios Regionales de Educaci\u00f3n Arturo Esquivel Rom\u00e1n del estado y Gerardo Francisco Serrano de la federaci\u00f3n, as\u00ed como Adolfo Carrillo Berm\u00fadez del Centro de Desarrollo Educativo (CEDE).<\/p>\n","protected":false},"excerpt":{"rendered":"<p>\u00a1Encabez\u00f3 el alcalde el festejo por su d\u00eda a los docentes Jerez, Zac.-Los maestros y maestras son el motor del desarrollo y progreso del municipio, estado y pa\u00eds; son gu\u00edas para nuestros ni\u00f1os y ni\u00f1as, transmiti\u00e9ndoles valores y conocimientos que ayudan a construir su futuro. Esto fue expresado por el alcalde Jos\u00e9 Humberto Salazar Contreras, [&hellip;]<\/p>\n","protected":false},"author":9,"featured_media":22292,"comment_status":"closed","ping_status":"closed","sticky":false,"template":"","format":"standard","meta":{"footnotes":""},"categories":[1370],"tags":[],"class_list":["post-22291","post","type-post","status-publish","format-standard","has-post-thumbnail","hentry","category-jerez"],"_links":{"self":[{"href":"https:\/\/enconecte.com\/index.php?rest_route=\/wp\/v2\/posts\/22291","targetHints":{"allow":["GET"]}}],"collection":[{"href":"https:\/\/enconecte.com\/index.php?rest_route=\/wp\/v2\/posts"}],"about":[{"href":"https:\/\/enconecte.com\/index.php?rest_route=\/wp\/v2\/types\/post"}],"author":[{"embeddable":true,"href":"https:\/\/enconecte.com\/index.php?rest_route=\/wp\/v2\/users\/9"}],"replies":[{"embeddable":true,"href":"https:\/\/enconecte.com\/index.php?rest_route=%2Fwp%2Fv2%2Fcomments&post=22291"}],"version-history":[{"count":0,"href":"https:\/\/enconecte.com\/index.php?rest_route=\/wp\/v2\/posts\/22291\/revisions"}],"wp:featuredmedia":[{"embeddable":true,"href":"https:\/\/enconecte.com\/index.php?rest_route=\/wp\/v2\/media\/22292"}],"wp:attachment":[{"href":"https:\/\/enconecte.com\/index.php?rest_route=%2Fwp%2Fv2%2Fmedia&parent=22291"}],"wp:term":[{"taxonomy":"category","embeddable":true,"href":"https:\/\/enconecte.com\/index.php?rest_route=%2Fwp%2Fv2%2Fcategories&post=22291"},{"taxonomy":"post_tag","embeddable":true,"href":"https:\/\/enconecte.com\/index.php?rest_route=%2Fwp%2Fv2%2Ftags&post=22291"}],"curies":[{"name":"wp","href":"https:\/\/api.w.org\/{rel}","templated":true}]}}