{"id":22280,"date":"2023-05-10T17:13:31","date_gmt":"2023-05-10T23:13:31","guid":{"rendered":"https:\/\/enconecte.com\/?p=22280"},"modified":"2023-05-12T17:14:32","modified_gmt":"2023-05-12T23:14:32","slug":"celebran-autoridades-a-las-madres-locatarias-del-mercado-municipal","status":"publish","type":"post","link":"https:\/\/enconecte.com\/?p=22280","title":{"rendered":"CELEBRAN AUTORIDADES A LAS MADRES LOCATARIAS DEL MERCADO MUNICIPAL"},"content":{"rendered":"<p>Jerez, Zac.- El alcalde Jos\u00e9 Humberto Salazar Contreras y su esposa la presidenta honor\u00edfica del DIF Bertha Alicia Garc\u00eda Duarte celebraron a las madres locatarias del mercado Benito Ju\u00e1rez, as\u00ed como a trabajadoras del mismo y mam\u00e1s que, la ma\u00f1ana de este 10 de mayo, realizaban alguna compra en el lugar.<\/p>\n<p>Al tiempo que un grupo musical interpretaba una serie de melod\u00edas, solicitadas principalmente por las festejadas, las autoridades realizaron el tradicional recorrido por las diversas \u00e1reas que conforman el inmueble, la nave principal, el patio, el sector de comidas y los locales ubicados en el per\u00edmetro exterior, donde obsequiaron una rosa, en se\u00f1al de reconocimiento a las festejadas, as\u00ed como algunos regalos.<\/p>\n<p>Durante su trayecto, el doctor Salazar expres\u00f3 su reconocimiento a todas las madres, con el respetuoso recuerdo a las que ya no est\u00e1n aqu\u00ed y de manera personal a quienes son el pilar fundamental de las familias y la sociedad, por lo que desde este lugar, envi\u00f3 su mensaje de felicitaci\u00f3n a todas las madres del municipio.<\/p>\n<p>Por su parte, la presidenta honor\u00edfica del DIF Bertha Alicia Garc\u00eda Duarte se uni\u00f3 al reconocimiento y reflexion\u00f3 en torno al valor de la madre, por lo que dijo a quien tiene la dicha de que est\u00e9 a su lado, la aproveche y la cuide, pues el d\u00eda que falta se acaban muchas cosas.<\/p>\n<p>El presidente estuvo acompa\u00f1ado adem\u00e1s por los director de Obras p\u00fablicas Alfredo Mar\u00edn Luna; del Sistema Municipal de Agua Potable y Alcantarillado de Jerez (SIMAPAJ) Marco Antonio Valenzuela Esquivel; de Desarrollo Econ\u00f3mico y Social David Josafat de la Torre Pinedo; el administrador de Plazas y Mercados Jes\u00fas Manuel Dorado Caldera y el coordinador de asesores Alfonso S\u00e1nchez Bonilla y otros colaboradores.<\/p>\n","protected":false},"excerpt":{"rendered":"<p>Jerez, Zac.- El alcalde Jos\u00e9 Humberto Salazar Contreras y su esposa la presidenta honor\u00edfica del DIF Bertha Alicia Garc\u00eda Duarte celebraron a las madres locatarias del mercado Benito Ju\u00e1rez, as\u00ed como a trabajadoras del mismo y mam\u00e1s que, la ma\u00f1ana de este 10 de mayo, realizaban alguna compra en el lugar. Al tiempo que un [&hellip;]<\/p>\n","protected":false},"author":9,"featured_media":22281,"comment_status":"closed","ping_status":"closed","sticky":false,"template":"","format":"standard","meta":{"footnotes":""},"categories":[1370],"tags":[],"class_list":["post-22280","post","type-post","status-publish","format-standard","has-post-thumbnail","hentry","category-jerez"],"_links":{"self":[{"href":"https:\/\/enconecte.com\/index.php?rest_route=\/wp\/v2\/posts\/22280","targetHints":{"allow":["GET"]}}],"collection":[{"href":"https:\/\/enconecte.com\/index.php?rest_route=\/wp\/v2\/posts"}],"about":[{"href":"https:\/\/enconecte.com\/index.php?rest_route=\/wp\/v2\/types\/post"}],"author":[{"embeddable":true,"href":"https:\/\/enconecte.com\/index.php?rest_route=\/wp\/v2\/users\/9"}],"replies":[{"embeddable":true,"href":"https:\/\/enconecte.com\/index.php?rest_route=%2Fwp%2Fv2%2Fcomments&post=22280"}],"version-history":[{"count":0,"href":"https:\/\/enconecte.com\/index.php?rest_route=\/wp\/v2\/posts\/22280\/revisions"}],"wp:featuredmedia":[{"embeddable":true,"href":"https:\/\/enconecte.com\/index.php?rest_route=\/wp\/v2\/media\/22281"}],"wp:attachment":[{"href":"https:\/\/enconecte.com\/index.php?rest_route=%2Fwp%2Fv2%2Fmedia&parent=22280"}],"wp:term":[{"taxonomy":"category","embeddable":true,"href":"https:\/\/enconecte.com\/index.php?rest_route=%2Fwp%2Fv2%2Fcategories&post=22280"},{"taxonomy":"post_tag","embeddable":true,"href":"https:\/\/enconecte.com\/index.php?rest_route=%2Fwp%2Fv2%2Ftags&post=22280"}],"curies":[{"name":"wp","href":"https:\/\/api.w.org\/{rel}","templated":true}]}}