{"id":22277,"date":"2023-05-11T17:11:40","date_gmt":"2023-05-11T23:11:40","guid":{"rendered":"https:\/\/enconecte.com\/?p=22277"},"modified":"2023-05-12T17:12:58","modified_gmt":"2023-05-12T23:12:58","slug":"presentan-programa-para-la-semana-estudiantil-en-jerez","status":"publish","type":"post","link":"https:\/\/enconecte.com\/?p=22277","title":{"rendered":"PRESENTAN PROGRAMA PARA LA SEMANA ESTUDIANTIL EN JEREZ"},"content":{"rendered":"<ul>\n<li>Semana del estudiante en Jerez contar\u00e1 con actividades, deportivas, de talento y belleza.<\/li>\n<\/ul>\n<p>Jerez Zac.- Esta ma\u00f1ana, en la Casa Alk\u00e1zar, se present\u00f3 el programa dedicado a celebrar a los estudiantes para el a\u00f1o 2023 por iniciativa del H. Ayuntamiento, en coordinaci\u00f3n con \u00e1reas pertenecientes a la Direcci\u00f3n de Desarrollo Econ\u00f3mico y Social, principalmente el Instituto de la Juventud (INJJUVE). La semana constar\u00e1 de actividades deportivas, de talento y de belleza, en las que tambi\u00e9n colaborar\u00e1n las coordinaciones de Deporte y Educaci\u00f3n. El evento se llevar\u00e1 a cabo a partir del lunes 22 de mayo y concluir\u00e1 el viernes 26 de mayo.<\/p>\n<p>Antes de presentar el cartel de actividades, la Ing. Laura Marlinet Carrillo D\u00edaz, titular del INJJUVE, explic\u00f3 que se trata de una celebraci\u00f3n para los j\u00f3venes y refrend\u00f3 su compromiso de brindar una experiencia enriquecedora. Posteriormente, la Lic. Mar\u00eda Esther Ibarra Guzm\u00e1n, coordinadora de Educaci\u00f3n, ley\u00f3 las convocatorias para el concurso de la Reina Estudiantil 2023 y el Concurso &#8220;Talento Joven 2023&#8221;, as\u00ed como sus respectivas premiaciones.<\/p>\n<p>Por otro lado, el Prof. Armando Qui\u00f1ones Ortiz, coordinador del Deporte, brind\u00f3 detalles acerca de la carrera de 5k con escuelas secundarias y el torneo de f\u00fatbol r\u00e1pido para preparatorias, y expuso que ambos contar\u00e1n con premiaciones que ascienden a los $10,000.00 en bolsa general. Dichos eventos buscan luchar contra las adicciones.<\/p>\n<p>Antes de develar el programa, el Dr. Jos\u00e9 Humberto Salazar Contreras, presidente municipal, se\u00f1al\u00f3 que la finalidad de este programa es que los j\u00f3venes disfruten al m\u00e1ximo de su tiempo con el tema central de este a\u00f1o: &#8220;Solo eres joven una vez&#8221;, ya que &#8220;la juventud es \u00fanica en la vida y no se puede recuperar&#8221;. Se procedi\u00f3 a la develaci\u00f3n del cartel, en donde tambi\u00e9n hicieron presencia el Lic. David Josafat de la Torre, director de Desarrollo Econ\u00f3mico y Social, y C. Luis Mario Mart\u00ednez, regidor comisionado a Juventud y Deporte.<\/p>\n<p><a  href=\"https:\/\/enconecte.com\/wp-content\/uploads\/2023\/05\/0af1dab0-801f-4a3e-8960-4e12365d5908.jpg\" data-rel=\"lightbox-gallery-0\" data-rl_title=\"\" data-rl_caption=\"\" title=\"\"><img loading=\"lazy\" decoding=\"async\" class=\"alignnone size-full wp-image-22279\" src=\"https:\/\/enconecte.com\/wp-content\/uploads\/2023\/05\/0af1dab0-801f-4a3e-8960-4e12365d5908.jpg\" alt=\"\" width=\"1066\" height=\"1599\" srcset=\"https:\/\/enconecte.com\/wp-content\/uploads\/2023\/05\/0af1dab0-801f-4a3e-8960-4e12365d5908.jpg 1066w, https:\/\/enconecte.com\/wp-content\/uploads\/2023\/05\/0af1dab0-801f-4a3e-8960-4e12365d5908-200x300.jpg 200w, https:\/\/enconecte.com\/wp-content\/uploads\/2023\/05\/0af1dab0-801f-4a3e-8960-4e12365d5908-683x1024.jpg 683w, https:\/\/enconecte.com\/wp-content\/uploads\/2023\/05\/0af1dab0-801f-4a3e-8960-4e12365d5908-768x1152.jpg 768w, https:\/\/enconecte.com\/wp-content\/uploads\/2023\/05\/0af1dab0-801f-4a3e-8960-4e12365d5908-1024x1536.jpg 1024w, https:\/\/enconecte.com\/wp-content\/uploads\/2023\/05\/0af1dab0-801f-4a3e-8960-4e12365d5908-150x225.jpg 150w, https:\/\/enconecte.com\/wp-content\/uploads\/2023\/05\/0af1dab0-801f-4a3e-8960-4e12365d5908-300x450.jpg 300w, https:\/\/enconecte.com\/wp-content\/uploads\/2023\/05\/0af1dab0-801f-4a3e-8960-4e12365d5908-696x1044.jpg 696w, https:\/\/enconecte.com\/wp-content\/uploads\/2023\/05\/0af1dab0-801f-4a3e-8960-4e12365d5908-280x420.jpg 280w\" sizes=\"auto, (max-width: 1066px) 100vw, 1066px\" \/><\/a><\/p>\n","protected":false},"excerpt":{"rendered":"<p>Semana del estudiante en Jerez contar\u00e1 con actividades, deportivas, de talento y belleza. Jerez Zac.- Esta ma\u00f1ana, en la Casa Alk\u00e1zar, se present\u00f3 el programa dedicado a celebrar a los estudiantes para el a\u00f1o 2023 por iniciativa del H. Ayuntamiento, en coordinaci\u00f3n con \u00e1reas pertenecientes a la Direcci\u00f3n de Desarrollo Econ\u00f3mico y Social, principalmente el [&hellip;]<\/p>\n","protected":false},"author":9,"featured_media":22278,"comment_status":"closed","ping_status":"closed","sticky":false,"template":"","format":"standard","meta":{"footnotes":""},"categories":[1370],"tags":[],"class_list":["post-22277","post","type-post","status-publish","format-standard","has-post-thumbnail","hentry","category-jerez"],"_links":{"self":[{"href":"https:\/\/enconecte.com\/index.php?rest_route=\/wp\/v2\/posts\/22277","targetHints":{"allow":["GET"]}}],"collection":[{"href":"https:\/\/enconecte.com\/index.php?rest_route=\/wp\/v2\/posts"}],"about":[{"href":"https:\/\/enconecte.com\/index.php?rest_route=\/wp\/v2\/types\/post"}],"author":[{"embeddable":true,"href":"https:\/\/enconecte.com\/index.php?rest_route=\/wp\/v2\/users\/9"}],"replies":[{"embeddable":true,"href":"https:\/\/enconecte.com\/index.php?rest_route=%2Fwp%2Fv2%2Fcomments&post=22277"}],"version-history":[{"count":0,"href":"https:\/\/enconecte.com\/index.php?rest_route=\/wp\/v2\/posts\/22277\/revisions"}],"wp:featuredmedia":[{"embeddable":true,"href":"https:\/\/enconecte.com\/index.php?rest_route=\/wp\/v2\/media\/22278"}],"wp:attachment":[{"href":"https:\/\/enconecte.com\/index.php?rest_route=%2Fwp%2Fv2%2Fmedia&parent=22277"}],"wp:term":[{"taxonomy":"category","embeddable":true,"href":"https:\/\/enconecte.com\/index.php?rest_route=%2Fwp%2Fv2%2Fcategories&post=22277"},{"taxonomy":"post_tag","embeddable":true,"href":"https:\/\/enconecte.com\/index.php?rest_route=%2Fwp%2Fv2%2Ftags&post=22277"}],"curies":[{"name":"wp","href":"https:\/\/api.w.org\/{rel}","templated":true}]}}