{"id":22274,"date":"2023-05-12T12:08:43","date_gmt":"2023-05-12T18:08:43","guid":{"rendered":"https:\/\/enconecte.com\/?p=22274"},"modified":"2023-05-12T17:11:31","modified_gmt":"2023-05-12T23:11:31","slug":"municipio-invita-a-maestros-jerezanos-para-festejarlos-en-su-dia","status":"publish","type":"post","link":"https:\/\/enconecte.com\/?p=22274","title":{"rendered":"MUNICIPIO INVITA A MAESTROS JEREZANOS PARA FESTEJARLOS EN SU D\u00cdA"},"content":{"rendered":"<ul>\n<li>La cita es este viernes 12 de mayo.<\/li>\n<\/ul>\n<p>Jerez Zac.-Conscientes de la importancia de la educaci\u00f3n para las nuevas generaciones y en reconocimiento a la labor realizada por los maestros durante todo el ciclo escolar, en el marco de sus festejos por el D\u00eda del Maestro, la actual administraci\u00f3n municipal 2021-2024, a trav\u00e9s de la Coordinaci\u00f3n Municipal de Educaci\u00f3n, llevar\u00e1 a cabo el tradicional festejo al puro estilo jerezano, al ritmo del grupo norte\u00f1o, en agradecimiento a la tarea realizada con las nuevas generaciones. Este evento se realizar\u00e1 el pr\u00f3ximo 12 de mayo.<\/p>\n<p>En una entrevista con la Lic. en Educaci\u00f3n, Mar\u00eda Esther Ibarra Guzm\u00e1n, se brindaron detalles sobre este festejo que ya es una tradici\u00f3n por parte del gobierno municipal. Se explic\u00f3 que se est\u00e1 realizando la invitaci\u00f3n, con apoyo de la regi\u00f3n Jerez, a todos los maestros jerezanos para que asistan a esta tardeada de bailes que se realizar\u00e1 el viernes 12 de mayo a las 5:00 p.m. en el Sal\u00f3n de Jerez. El evento ser\u00e1 amenizado por el grupo jerezano conocido como &#8220;Guarda Norte\u00f1a&#8221; y habr\u00e1 presentes para los maestros asistentes.<\/p>\n<p>Por ello, se invita a los maestros a acudir a este evento que se realiza en su honor, pasar una tarde amena y por un rato dejar de lado los quehaceres y trabajos cotidianos.<\/p>\n<p><a  href=\"https:\/\/enconecte.com\/wp-content\/uploads\/2023\/05\/20e0eef3-d8db-423d-a14f-03259d28b4c0.jpg\" data-rel=\"lightbox-gallery-0\" data-rl_title=\"\" data-rl_caption=\"\" title=\"\"><img loading=\"lazy\" decoding=\"async\" class=\"alignnone size-full wp-image-22276\" src=\"https:\/\/enconecte.com\/wp-content\/uploads\/2023\/05\/20e0eef3-d8db-423d-a14f-03259d28b4c0.jpg\" alt=\"\" width=\"1280\" height=\"989\" srcset=\"https:\/\/enconecte.com\/wp-content\/uploads\/2023\/05\/20e0eef3-d8db-423d-a14f-03259d28b4c0.jpg 1280w, https:\/\/enconecte.com\/wp-content\/uploads\/2023\/05\/20e0eef3-d8db-423d-a14f-03259d28b4c0-300x232.jpg 300w, https:\/\/enconecte.com\/wp-content\/uploads\/2023\/05\/20e0eef3-d8db-423d-a14f-03259d28b4c0-1024x791.jpg 1024w, https:\/\/enconecte.com\/wp-content\/uploads\/2023\/05\/20e0eef3-d8db-423d-a14f-03259d28b4c0-768x593.jpg 768w, https:\/\/enconecte.com\/wp-content\/uploads\/2023\/05\/20e0eef3-d8db-423d-a14f-03259d28b4c0-150x116.jpg 150w, https:\/\/enconecte.com\/wp-content\/uploads\/2023\/05\/20e0eef3-d8db-423d-a14f-03259d28b4c0-696x538.jpg 696w, https:\/\/enconecte.com\/wp-content\/uploads\/2023\/05\/20e0eef3-d8db-423d-a14f-03259d28b4c0-1068x825.jpg 1068w, https:\/\/enconecte.com\/wp-content\/uploads\/2023\/05\/20e0eef3-d8db-423d-a14f-03259d28b4c0-544x420.jpg 544w\" sizes=\"auto, (max-width: 1280px) 100vw, 1280px\" \/><\/a><\/p>\n","protected":false},"excerpt":{"rendered":"<p>La cita es este viernes 12 de mayo. Jerez Zac.-Conscientes de la importancia de la educaci\u00f3n para las nuevas generaciones y en reconocimiento a la labor realizada por los maestros durante todo el ciclo escolar, en el marco de sus festejos por el D\u00eda del Maestro, la actual administraci\u00f3n municipal 2021-2024, a trav\u00e9s de la [&hellip;]<\/p>\n","protected":false},"author":9,"featured_media":22275,"comment_status":"closed","ping_status":"closed","sticky":false,"template":"","format":"standard","meta":{"footnotes":""},"categories":[1370],"tags":[],"class_list":["post-22274","post","type-post","status-publish","format-standard","has-post-thumbnail","hentry","category-jerez"],"_links":{"self":[{"href":"https:\/\/enconecte.com\/index.php?rest_route=\/wp\/v2\/posts\/22274","targetHints":{"allow":["GET"]}}],"collection":[{"href":"https:\/\/enconecte.com\/index.php?rest_route=\/wp\/v2\/posts"}],"about":[{"href":"https:\/\/enconecte.com\/index.php?rest_route=\/wp\/v2\/types\/post"}],"author":[{"embeddable":true,"href":"https:\/\/enconecte.com\/index.php?rest_route=\/wp\/v2\/users\/9"}],"replies":[{"embeddable":true,"href":"https:\/\/enconecte.com\/index.php?rest_route=%2Fwp%2Fv2%2Fcomments&post=22274"}],"version-history":[{"count":0,"href":"https:\/\/enconecte.com\/index.php?rest_route=\/wp\/v2\/posts\/22274\/revisions"}],"wp:featuredmedia":[{"embeddable":true,"href":"https:\/\/enconecte.com\/index.php?rest_route=\/wp\/v2\/media\/22275"}],"wp:attachment":[{"href":"https:\/\/enconecte.com\/index.php?rest_route=%2Fwp%2Fv2%2Fmedia&parent=22274"}],"wp:term":[{"taxonomy":"category","embeddable":true,"href":"https:\/\/enconecte.com\/index.php?rest_route=%2Fwp%2Fv2%2Fcategories&post=22274"},{"taxonomy":"post_tag","embeddable":true,"href":"https:\/\/enconecte.com\/index.php?rest_route=%2Fwp%2Fv2%2Ftags&post=22274"}],"curies":[{"name":"wp","href":"https:\/\/api.w.org\/{rel}","templated":true}]}}