{"id":22266,"date":"2023-05-12T16:17:15","date_gmt":"2023-05-12T22:17:15","guid":{"rendered":"https:\/\/enconecte.com\/?p=22266"},"modified":"2023-05-12T16:17:15","modified_gmt":"2023-05-12T22:17:15","slug":"realizaron-nueva-fumigacion-al-mercado-municipal","status":"publish","type":"post","link":"https:\/\/enconecte.com\/?p=22266","title":{"rendered":"REALIZARON NUEVA FUMIGACI\u00d3N AL MERCADO MUNICIPAL"},"content":{"rendered":"<ul>\n<li>Sigue vigente el compromiso de realizar esta actividad cada cuatro meses<\/li>\n<\/ul>\n<p>Jerez, Zac.-En cumplimiento del compromiso establecido entre la directiva de locatarios y el gobierno municipal encabezado por el alcalde Jos\u00e9 Humberto Salazar Contreras para ofrecer mejores condiciones de trabajo e higiene a los locatarios del mercado municipal, se llev\u00f3 a cabo una nueva fumigaci\u00f3n en el inmueble este jueves.<\/p>\n<p>Durante la supervisi\u00f3n de la actividad, el administrador de Plazas y Mercados, Manuel de Jes\u00fas Dorado Caldera, acompa\u00f1ado del presidente de la Uni\u00f3n de Locatarios, Mauricio de la Torre, record\u00f3 que al inicio del gobierno actual se acord\u00f3 efectuar este tipo de acciones de manera peri\u00f3dica, al menos cada cuatro ocasiones durante el a\u00f1o. Debido a que la \u00faltima fumigaci\u00f3n se realiz\u00f3 en enero, se program\u00f3 una nueva para esta semana.<\/p>\n<p>La actividad fue realizada por la empresa Paso Fumigaciones, la misma que ha realizado los procesos anteriores con mejores resultados, y que, al estar certificada, extiende el documento respectivo y garantiza el resultado al menos por cuatro meses.<\/p>\n<p>El \u00e1rea de atenci\u00f3n incluy\u00f3 la nave principal, el patio y el sector de comidas, y se les pidi\u00f3 a los propietarios con antelaci\u00f3n que protegieran sus productos. En el per\u00edmetro exterior, se cubrieron los locales que lo solicitaron y que mantuvieron sus establecimientos abiertos para la llegada del equipo.<\/p>\n<p>Este viernes, el \u00e1rea principal se abri\u00f3 al p\u00fablico de manera normal, mientras que en el espacio donde se expenden alimentos, permanecer\u00e1 cerrado un d\u00eda m\u00e1s, regresando a la actividad de manera normal el s\u00e1bado.<\/p>\n","protected":false},"excerpt":{"rendered":"<p>Sigue vigente el compromiso de realizar esta actividad cada cuatro meses Jerez, Zac.-En cumplimiento del compromiso establecido entre la directiva de locatarios y el gobierno municipal encabezado por el alcalde Jos\u00e9 Humberto Salazar Contreras para ofrecer mejores condiciones de trabajo e higiene a los locatarios del mercado municipal, se llev\u00f3 a cabo una nueva fumigaci\u00f3n [&hellip;]<\/p>\n","protected":false},"author":9,"featured_media":22267,"comment_status":"closed","ping_status":"closed","sticky":false,"template":"","format":"standard","meta":{"footnotes":""},"categories":[1370],"tags":[],"class_list":["post-22266","post","type-post","status-publish","format-standard","has-post-thumbnail","hentry","category-jerez"],"_links":{"self":[{"href":"https:\/\/enconecte.com\/index.php?rest_route=\/wp\/v2\/posts\/22266","targetHints":{"allow":["GET"]}}],"collection":[{"href":"https:\/\/enconecte.com\/index.php?rest_route=\/wp\/v2\/posts"}],"about":[{"href":"https:\/\/enconecte.com\/index.php?rest_route=\/wp\/v2\/types\/post"}],"author":[{"embeddable":true,"href":"https:\/\/enconecte.com\/index.php?rest_route=\/wp\/v2\/users\/9"}],"replies":[{"embeddable":true,"href":"https:\/\/enconecte.com\/index.php?rest_route=%2Fwp%2Fv2%2Fcomments&post=22266"}],"version-history":[{"count":0,"href":"https:\/\/enconecte.com\/index.php?rest_route=\/wp\/v2\/posts\/22266\/revisions"}],"wp:featuredmedia":[{"embeddable":true,"href":"https:\/\/enconecte.com\/index.php?rest_route=\/wp\/v2\/media\/22267"}],"wp:attachment":[{"href":"https:\/\/enconecte.com\/index.php?rest_route=%2Fwp%2Fv2%2Fmedia&parent=22266"}],"wp:term":[{"taxonomy":"category","embeddable":true,"href":"https:\/\/enconecte.com\/index.php?rest_route=%2Fwp%2Fv2%2Fcategories&post=22266"},{"taxonomy":"post_tag","embeddable":true,"href":"https:\/\/enconecte.com\/index.php?rest_route=%2Fwp%2Fv2%2Ftags&post=22266"}],"curies":[{"name":"wp","href":"https:\/\/api.w.org\/{rel}","templated":true}]}}