{"id":22252,"date":"2023-05-08T12:31:55","date_gmt":"2023-05-08T18:31:55","guid":{"rendered":"https:\/\/enconecte.com\/?p=22252"},"modified":"2023-05-09T12:35:33","modified_gmt":"2023-05-09T18:35:33","slug":"inauguran-campana-de-vacunacion-antirrabica-en-jerez","status":"publish","type":"post","link":"https:\/\/enconecte.com\/?p=22252","title":{"rendered":"INAUGURAN CAMPA\u00d1A DE VACUNACI\u00d3N ANTIRR\u00c1BICA EN JEREZ"},"content":{"rendered":"<ul>\n<li>\u201cLa prevenci\u00f3n es la fuerza de la medicina\u201d Dr. Jos\u00e9 Humberto Salazar alcalde de Jerez.<\/li>\n<\/ul>\n<p>Jerez, Zac.-Con el prop\u00f3sito de prevenir la rabia en los animales de compa\u00f1\u00eda y proteger la salud p\u00fablica, se llev\u00f3 a cabo la ceremonia de inauguraci\u00f3n de la Campa\u00f1a de Vacunaci\u00f3n Antirr\u00e1bica Canina y Felina en la escuela primaria Margarita Maza de Ju\u00e1rez, con la presencia de autoridades municipales, educativas y sanitarias. El evento inici\u00f3 con los honores a la bandera, encabezados por alumnos, maestros y autoridades. El Mtro. Enrique Lozano Carillo, director de la instituci\u00f3n, agradeci\u00f3 la visita de las autoridades y destac\u00f3 la importancia de este tipo de eventos que fomentan la participaci\u00f3n ciudadana y el cuidado de las mascotas.<\/p>\n<p>La Dra. Luz Elena Silvia, directora del Centro de Salud Jerez, inform\u00f3 que la campa\u00f1a se realizar\u00e1 hasta el 13 de mayo de manera gratuita en distintos puntos de la ciudad, y que se espera vacunar a 14,500 perros y gatos. Asimismo, se\u00f1al\u00f3 que M\u00e9xico lleva 35 a\u00f1os realizando estas campa\u00f1as y que ha logrado eliminar la transmisi\u00f3n de la rabia canina al ser humano.<\/p>\n<p><img loading=\"lazy\" decoding=\"async\" class=\"alignnone size-full wp-image-22253\" src=\"https:\/\/enconecte.com\/wp-content\/uploads\/2023\/05\/ed14ae29-737a-4e54-bcac-5936dc6d0528.jpg\" alt=\"\" width=\"1200\" height=\"800\" srcset=\"https:\/\/enconecte.com\/wp-content\/uploads\/2023\/05\/ed14ae29-737a-4e54-bcac-5936dc6d0528.jpg 1200w, https:\/\/enconecte.com\/wp-content\/uploads\/2023\/05\/ed14ae29-737a-4e54-bcac-5936dc6d0528-300x200.jpg 300w, https:\/\/enconecte.com\/wp-content\/uploads\/2023\/05\/ed14ae29-737a-4e54-bcac-5936dc6d0528-1024x683.jpg 1024w, https:\/\/enconecte.com\/wp-content\/uploads\/2023\/05\/ed14ae29-737a-4e54-bcac-5936dc6d0528-768x512.jpg 768w, https:\/\/enconecte.com\/wp-content\/uploads\/2023\/05\/ed14ae29-737a-4e54-bcac-5936dc6d0528-150x100.jpg 150w, https:\/\/enconecte.com\/wp-content\/uploads\/2023\/05\/ed14ae29-737a-4e54-bcac-5936dc6d0528-696x464.jpg 696w, https:\/\/enconecte.com\/wp-content\/uploads\/2023\/05\/ed14ae29-737a-4e54-bcac-5936dc6d0528-1068x712.jpg 1068w, https:\/\/enconecte.com\/wp-content\/uploads\/2023\/05\/ed14ae29-737a-4e54-bcac-5936dc6d0528-630x420.jpg 630w\" sizes=\"auto, (max-width: 1200px) 100vw, 1200px\" \/><\/p>\n<p>El Dr. Jos\u00e9 Humberto Salazar, alcalde de Jerez, expres\u00f3 su satisfacci\u00f3n por el trabajo coordinado entre los diferentes sectores involucrados en la prevenci\u00f3n de la rabia y resalt\u00f3 que esta es una muestra de que la medicina se basa en la prevenci\u00f3n. Finalmente, se realiz\u00f3 la primera aplicaci\u00f3n de la vacuna a un perro de raza peque\u00f1a, dando inicio a la jornada.<\/p>\n","protected":false},"excerpt":{"rendered":"<p>\u201cLa prevenci\u00f3n es la fuerza de la medicina\u201d Dr. Jos\u00e9 Humberto Salazar alcalde de Jerez. Jerez, Zac.-Con el prop\u00f3sito de prevenir la rabia en los animales de compa\u00f1\u00eda y proteger la salud p\u00fablica, se llev\u00f3 a cabo la ceremonia de inauguraci\u00f3n de la Campa\u00f1a de Vacunaci\u00f3n Antirr\u00e1bica Canina y Felina en la escuela primaria Margarita [&hellip;]<\/p>\n","protected":false},"author":9,"featured_media":22254,"comment_status":"closed","ping_status":"closed","sticky":false,"template":"","format":"standard","meta":{"footnotes":""},"categories":[1370],"tags":[],"class_list":["post-22252","post","type-post","status-publish","format-standard","has-post-thumbnail","hentry","category-jerez"],"_links":{"self":[{"href":"https:\/\/enconecte.com\/index.php?rest_route=\/wp\/v2\/posts\/22252","targetHints":{"allow":["GET"]}}],"collection":[{"href":"https:\/\/enconecte.com\/index.php?rest_route=\/wp\/v2\/posts"}],"about":[{"href":"https:\/\/enconecte.com\/index.php?rest_route=\/wp\/v2\/types\/post"}],"author":[{"embeddable":true,"href":"https:\/\/enconecte.com\/index.php?rest_route=\/wp\/v2\/users\/9"}],"replies":[{"embeddable":true,"href":"https:\/\/enconecte.com\/index.php?rest_route=%2Fwp%2Fv2%2Fcomments&post=22252"}],"version-history":[{"count":0,"href":"https:\/\/enconecte.com\/index.php?rest_route=\/wp\/v2\/posts\/22252\/revisions"}],"wp:featuredmedia":[{"embeddable":true,"href":"https:\/\/enconecte.com\/index.php?rest_route=\/wp\/v2\/media\/22254"}],"wp:attachment":[{"href":"https:\/\/enconecte.com\/index.php?rest_route=%2Fwp%2Fv2%2Fmedia&parent=22252"}],"wp:term":[{"taxonomy":"category","embeddable":true,"href":"https:\/\/enconecte.com\/index.php?rest_route=%2Fwp%2Fv2%2Fcategories&post=22252"},{"taxonomy":"post_tag","embeddable":true,"href":"https:\/\/enconecte.com\/index.php?rest_route=%2Fwp%2Fv2%2Ftags&post=22252"}],"curies":[{"name":"wp","href":"https:\/\/api.w.org\/{rel}","templated":true}]}}