{"id":22249,"date":"2023-05-08T12:29:51","date_gmt":"2023-05-08T18:29:51","guid":{"rendered":"https:\/\/enconecte.com\/?p=22249"},"modified":"2023-05-09T12:31:26","modified_gmt":"2023-05-09T18:31:26","slug":"dif-jerez-realiza-expo-venta-por-el-dia-de-las-madres","status":"publish","type":"post","link":"https:\/\/enconecte.com\/?p=22249","title":{"rendered":"DIF JEREZ REALIZA EXPO-VENTA POR EL D\u00cdA DE LAS MADRES"},"content":{"rendered":"<p>Para dar a la poblaci\u00f3n opciones de regalo por el pr\u00f3ximo D\u00eda de las Madres e incentivar el comercio local, el DIF Jerez organiz\u00f3 la Expo-venta \u201cA la Madre\u201d integrada por cerca de 60 expositoras que acuden a los talleres comunitarios.<\/p>\n<p>La presidenta honor\u00edfica del DIF Municipal, Bertha Alicia Garc\u00eda Duarte, se\u00f1al\u00f3 la importancia de incentivar el comercio y econom\u00eda local, siendo un prop\u00f3sito primordial para el gobierno del alcalde Jos\u00e9 Humberto Salazar Contreras.<\/p>\n<p>Agreg\u00f3 acompa\u00f1ada por la encargada de la Jefatura Operativa del SMDIF, Erika Judith Lozano Acevedo, que la Expo representa adem\u00e1s un impulso al aprendizaje de quienes se esfuerzan por instruirse en los oficios y disciplinas que ofrece el Sistema, as\u00ed como\u00a0 una oportunidad para la poblaci\u00f3n de encontrar opciones de calidad con precios accesibles para regalar a las mam\u00e1s el 10 de mayo.<\/p>\n<p><img loading=\"lazy\" decoding=\"async\" class=\"alignnone size-full wp-image-22251\" src=\"https:\/\/enconecte.com\/wp-content\/uploads\/2023\/05\/1aa51499-9cfd-42dc-88aa-b3303afb8165.jpg\" alt=\"\" width=\"1113\" height=\"742\" srcset=\"https:\/\/enconecte.com\/wp-content\/uploads\/2023\/05\/1aa51499-9cfd-42dc-88aa-b3303afb8165.jpg 1113w, https:\/\/enconecte.com\/wp-content\/uploads\/2023\/05\/1aa51499-9cfd-42dc-88aa-b3303afb8165-300x200.jpg 300w, https:\/\/enconecte.com\/wp-content\/uploads\/2023\/05\/1aa51499-9cfd-42dc-88aa-b3303afb8165-1024x683.jpg 1024w, https:\/\/enconecte.com\/wp-content\/uploads\/2023\/05\/1aa51499-9cfd-42dc-88aa-b3303afb8165-768x512.jpg 768w, https:\/\/enconecte.com\/wp-content\/uploads\/2023\/05\/1aa51499-9cfd-42dc-88aa-b3303afb8165-150x100.jpg 150w, https:\/\/enconecte.com\/wp-content\/uploads\/2023\/05\/1aa51499-9cfd-42dc-88aa-b3303afb8165-696x464.jpg 696w, https:\/\/enconecte.com\/wp-content\/uploads\/2023\/05\/1aa51499-9cfd-42dc-88aa-b3303afb8165-1068x712.jpg 1068w, https:\/\/enconecte.com\/wp-content\/uploads\/2023\/05\/1aa51499-9cfd-42dc-88aa-b3303afb8165-630x420.jpg 630w\" sizes=\"auto, (max-width: 1113px) 100vw, 1113px\" \/><\/p>\n<p>Por tal se ofrecieron productos elaborados en los talleres de Flores artificiales, Fofuchas, Pintura, Pi\u00f1atas, Jab\u00f3n artesanal, Porcelana en fr\u00edo, Aplicaci\u00f3n de U\u00f1as, Bisuter\u00eda y Tejido.<\/p>\n<p>El evento se realiz\u00f3 con la tambi\u00e9n\u00a0 presencia de la encargada de la Jefatura de Programas Alimentarios del SMDIF, Roc\u00edo Azucena Ibarra Bautista, la representante de promotoras de los Centros de Desarrollo Comunitario (CDC) donde se imparten los talleres, Diana Zacar\u00edas S\u00e1nchez, y el titular de Turismo Municipal, Francisco Serrano Miranda.<\/p>\n","protected":false},"excerpt":{"rendered":"<p>Para dar a la poblaci\u00f3n opciones de regalo por el pr\u00f3ximo D\u00eda de las Madres e incentivar el comercio local, el DIF Jerez organiz\u00f3 la Expo-venta \u201cA la Madre\u201d integrada por cerca de 60 expositoras que acuden a los talleres comunitarios. La presidenta honor\u00edfica del DIF Municipal, Bertha Alicia Garc\u00eda Duarte, se\u00f1al\u00f3 la importancia de [&hellip;]<\/p>\n","protected":false},"author":9,"featured_media":22250,"comment_status":"closed","ping_status":"closed","sticky":false,"template":"","format":"standard","meta":{"footnotes":""},"categories":[1370],"tags":[],"class_list":["post-22249","post","type-post","status-publish","format-standard","has-post-thumbnail","hentry","category-jerez"],"_links":{"self":[{"href":"https:\/\/enconecte.com\/index.php?rest_route=\/wp\/v2\/posts\/22249","targetHints":{"allow":["GET"]}}],"collection":[{"href":"https:\/\/enconecte.com\/index.php?rest_route=\/wp\/v2\/posts"}],"about":[{"href":"https:\/\/enconecte.com\/index.php?rest_route=\/wp\/v2\/types\/post"}],"author":[{"embeddable":true,"href":"https:\/\/enconecte.com\/index.php?rest_route=\/wp\/v2\/users\/9"}],"replies":[{"embeddable":true,"href":"https:\/\/enconecte.com\/index.php?rest_route=%2Fwp%2Fv2%2Fcomments&post=22249"}],"version-history":[{"count":0,"href":"https:\/\/enconecte.com\/index.php?rest_route=\/wp\/v2\/posts\/22249\/revisions"}],"wp:featuredmedia":[{"embeddable":true,"href":"https:\/\/enconecte.com\/index.php?rest_route=\/wp\/v2\/media\/22250"}],"wp:attachment":[{"href":"https:\/\/enconecte.com\/index.php?rest_route=%2Fwp%2Fv2%2Fmedia&parent=22249"}],"wp:term":[{"taxonomy":"category","embeddable":true,"href":"https:\/\/enconecte.com\/index.php?rest_route=%2Fwp%2Fv2%2Fcategories&post=22249"},{"taxonomy":"post_tag","embeddable":true,"href":"https:\/\/enconecte.com\/index.php?rest_route=%2Fwp%2Fv2%2Ftags&post=22249"}],"curies":[{"name":"wp","href":"https:\/\/api.w.org\/{rel}","templated":true}]}}