{"id":22244,"date":"2023-05-05T12:27:09","date_gmt":"2023-05-05T18:27:09","guid":{"rendered":"https:\/\/enconecte.com\/?p=22244"},"modified":"2023-05-09T12:28:09","modified_gmt":"2023-05-09T18:28:09","slug":"el-musico-nochistlense-nicolas-puente-macias-recibio-la-medalla-al-merito-musical-candelario-huizar","status":"publish","type":"post","link":"https:\/\/enconecte.com\/?p=22244","title":{"rendered":"EL M\u00daSICO NOCHISTLENSE NICOL\u00c1S PUENTE MAC\u00cdAS RECIBI\u00d3 LA MEDALLA AL M\u00c9RITO MUSICAL CANDELARIO HU\u00cdZAR"},"content":{"rendered":"<ul>\n<li>Reconoci\u00f3 el doctor Salazar la dedicaci\u00f3n y pasi\u00f3n por el arte del galardonado<\/li>\n<\/ul>\n<p>El secretario general de Gobierno, Rodrigo Reyes Muguerza, en representaci\u00f3n del gobernador David Monreal \u00c1vila, y el alcalde del municipio, Jos\u00e9 Humberto Salazar Contreras, encabezaron la entrega de la Medalla al M\u00e9rito Musical Candelario Hu\u00edzar. Este a\u00f1o, el jurado decidi\u00f3 otorgar el premio al m\u00fasico nochistlense Nicol\u00e1s Puentes Mac\u00edas.<\/p>\n<p>La ceremonia tuvo lugar en el Teatro Hinojosa, como parte de las jornadas Candelario Hu\u00edzar 2023. Durante el evento, el funcionario estatal calific\u00f3 al galardonado como un hombre congruente que siempre est\u00e1 a la altura de las circunstancias. Adem\u00e1s, resalt\u00f3 su labor en la ense\u00f1anza, tanto como parte de sus actividades profesionales como en su casa, donde ha contribuido a la formaci\u00f3n de varios m\u00fasicos que actualmente forman parte de diversas agrupaciones de mariachi a nivel nacional.<\/p>\n<p>El secretario destac\u00f3 que estas jornadas forman parte de la visi\u00f3n del gobernador David Monreal \u00c1vila sobre la cultura en el estado. Su intenci\u00f3n es democratizar la cultura para reconocer el talento y la vocaci\u00f3n de quienes empiezan a tocar un instrumento y de quienes entran en contacto con las artes. El alcalde anfitri\u00f3n, Jos\u00e9 Humberto Salazar Contreras, entreg\u00f3 un reconocimiento de parte del pueblo de Jerez al galardonado y destac\u00f3 la importancia de fomentar la m\u00fasica y la cultura para preservar las tradiciones y la identidad del pa\u00eds.<\/p>\n<p>Nicol\u00e1s Puente Mac\u00edas expres\u00f3 su emoci\u00f3n al recibir el premio y consider\u00f3 que su trabajo es un reconocimiento a los filarm\u00f3nicos que se dedican a la m\u00fasica con ra\u00edces profundas en la tradici\u00f3n. Celebr\u00f3 que se empiece a borrar las l\u00edneas in\u00fatiles que dividen y contraponen la m\u00fasica acad\u00e9mica y la tradicional. La directora del Instituto Zacatecano Cultura \u201cRam\u00f3n Lopez Velarde\u201d, Mar\u00eda de Jes\u00fas Mu\u00f1oz Reyes, explic\u00f3 que este acto es un mandato establecido por la actual Ley de Cultura para reconocer a los artistas, creadores y promotores culturales.<\/p>\n<p><img loading=\"lazy\" decoding=\"async\" class=\"alignnone size-full wp-image-22245\" src=\"https:\/\/enconecte.com\/wp-content\/uploads\/2023\/05\/95b6ba4b-92ca-4747-b12f-cc1c57b9eb59.jpg\" alt=\"\" width=\"1200\" height=\"800\" srcset=\"https:\/\/enconecte.com\/wp-content\/uploads\/2023\/05\/95b6ba4b-92ca-4747-b12f-cc1c57b9eb59.jpg 1200w, https:\/\/enconecte.com\/wp-content\/uploads\/2023\/05\/95b6ba4b-92ca-4747-b12f-cc1c57b9eb59-300x200.jpg 300w, https:\/\/enconecte.com\/wp-content\/uploads\/2023\/05\/95b6ba4b-92ca-4747-b12f-cc1c57b9eb59-1024x683.jpg 1024w, https:\/\/enconecte.com\/wp-content\/uploads\/2023\/05\/95b6ba4b-92ca-4747-b12f-cc1c57b9eb59-768x512.jpg 768w, https:\/\/enconecte.com\/wp-content\/uploads\/2023\/05\/95b6ba4b-92ca-4747-b12f-cc1c57b9eb59-150x100.jpg 150w, https:\/\/enconecte.com\/wp-content\/uploads\/2023\/05\/95b6ba4b-92ca-4747-b12f-cc1c57b9eb59-696x464.jpg 696w, https:\/\/enconecte.com\/wp-content\/uploads\/2023\/05\/95b6ba4b-92ca-4747-b12f-cc1c57b9eb59-1068x712.jpg 1068w, https:\/\/enconecte.com\/wp-content\/uploads\/2023\/05\/95b6ba4b-92ca-4747-b12f-cc1c57b9eb59-630x420.jpg 630w\" sizes=\"auto, (max-width: 1200px) 100vw, 1200px\" \/><\/p>\n<p>Luis Herrera Alvarado, a nombre del Comit\u00e9 Colegiado para la entrega de la medalla, ley\u00f3 el dictamen que establece que la medalla al m\u00e9rito musical se otorga a Nicol\u00e1s Puentes Mac\u00edas por su trayectoria musical en la investigaci\u00f3n, composici\u00f3n, ense\u00f1anza, producci\u00f3n discogr\u00e1fica y la proyecci\u00f3n de la m\u00fasica tradicional mexicana dentro y fuera del pa\u00eds. En el evento estuvo presente la nieta de Candelario Hu\u00edzar, Brisia Nava Hu\u00edzar, as\u00ed como el alcalde de Nochistl\u00e1n Jos\u00e9 Manuel Jim\u00e9nez y un grupo de personas de aquel lugar para atestiguar el momento hist\u00f3rico, junto con familiares del galardonado.<\/p>\n","protected":false},"excerpt":{"rendered":"<p>Reconoci\u00f3 el doctor Salazar la dedicaci\u00f3n y pasi\u00f3n por el arte del galardonado El secretario general de Gobierno, Rodrigo Reyes Muguerza, en representaci\u00f3n del gobernador David Monreal \u00c1vila, y el alcalde del municipio, Jos\u00e9 Humberto Salazar Contreras, encabezaron la entrega de la Medalla al M\u00e9rito Musical Candelario Hu\u00edzar. Este a\u00f1o, el jurado decidi\u00f3 otorgar el [&hellip;]<\/p>\n","protected":false},"author":9,"featured_media":22246,"comment_status":"closed","ping_status":"closed","sticky":false,"template":"","format":"standard","meta":{"footnotes":""},"categories":[1370],"tags":[],"class_list":["post-22244","post","type-post","status-publish","format-standard","has-post-thumbnail","hentry","category-jerez"],"_links":{"self":[{"href":"https:\/\/enconecte.com\/index.php?rest_route=\/wp\/v2\/posts\/22244","targetHints":{"allow":["GET"]}}],"collection":[{"href":"https:\/\/enconecte.com\/index.php?rest_route=\/wp\/v2\/posts"}],"about":[{"href":"https:\/\/enconecte.com\/index.php?rest_route=\/wp\/v2\/types\/post"}],"author":[{"embeddable":true,"href":"https:\/\/enconecte.com\/index.php?rest_route=\/wp\/v2\/users\/9"}],"replies":[{"embeddable":true,"href":"https:\/\/enconecte.com\/index.php?rest_route=%2Fwp%2Fv2%2Fcomments&post=22244"}],"version-history":[{"count":0,"href":"https:\/\/enconecte.com\/index.php?rest_route=\/wp\/v2\/posts\/22244\/revisions"}],"wp:featuredmedia":[{"embeddable":true,"href":"https:\/\/enconecte.com\/index.php?rest_route=\/wp\/v2\/media\/22246"}],"wp:attachment":[{"href":"https:\/\/enconecte.com\/index.php?rest_route=%2Fwp%2Fv2%2Fmedia&parent=22244"}],"wp:term":[{"taxonomy":"category","embeddable":true,"href":"https:\/\/enconecte.com\/index.php?rest_route=%2Fwp%2Fv2%2Fcategories&post=22244"},{"taxonomy":"post_tag","embeddable":true,"href":"https:\/\/enconecte.com\/index.php?rest_route=%2Fwp%2Fv2%2Ftags&post=22244"}],"curies":[{"name":"wp","href":"https:\/\/api.w.org\/{rel}","templated":true}]}}