{"id":22202,"date":"2023-04-23T23:17:47","date_gmt":"2023-04-24T05:17:47","guid":{"rendered":"https:\/\/enconecte.com\/?p=22202"},"modified":"2023-04-24T23:18:35","modified_gmt":"2023-04-25T05:18:35","slug":"dif-jerez-anuncia-la-segunda-jornada-regional-de-aparatos-auditivos","status":"publish","type":"post","link":"https:\/\/enconecte.com\/?p=22202","title":{"rendered":"DIF JEREZ ANUNCIA LA SEGUNDA JORNADA REGIONAL DE APARATOS AUDITIVOS"},"content":{"rendered":"<ul>\n<li>Se sumar\u00e1n 18 municipios del estado<\/li>\n<\/ul>\n<p>Jerez, Zac.- A iniciativa del Sistema DIF municipal de Jerez, se realizar\u00e1 la Segunda Jornada de Aparatos Auditivos, el 16 de junio a partir de las 8:00 horas en el Centro de Rehabilitaci\u00f3n Infantil y Juvenil Jerez (CRIJJ) y a la cual se sumar\u00e1n en esta ocasi\u00f3n a 18 municipios del estado.<\/p>\n<p>En conferencia de prensa, la presidenta honor\u00edfica del DIF Bertha Alicia Garc\u00eda Duarte, present\u00f3 el proyecto que se estructur\u00f3 luego del \u00e9xito que tuvo en su primera edici\u00f3n y destac\u00f3 la suma de esfuerzos a nivel regional, para que una gran cantidad de zacatecanos se vean beneficiados con la compra de sus aparatos auditivos a bajo costo, pues se ha logrado que puedan adquirirlos hasta en un 70 por ciento por debajo del valor comercial, es decir, pagar\u00e1n aproximadamente 2 mil 700 pesos, en implementos que en el mercado cuestan alrededor de 15 mil pesos o m\u00e1s.<\/p>\n<p>Por ello consider\u00f3 gratificante que se unan una importante cantidad de\u00a0 municipios, a cuyos titulares del DIF y Ayuntamientos agradeci\u00f3 su respuesta positiva e inmediata, siendo una se\u00f1al de que en verdad est\u00e1n preocupados y ocupados en las necesidades de su pueblo, expres\u00f3.<\/p>\n<p>Asimismo, ratific\u00f3 el compromiso personal y de su esposo, el alcalde Jos\u00e9 Humberto Salazar Contreras, de trabajar en beneficio de los sectores m\u00e1s vulnerables\u00a0 y extern\u00f3 el deseo de que este esfuerzo colaborativo contin\u00fae por mucho tiempo, en diversos \u00e1mbitos.<\/p>\n<p>La directora del Sistema Municipal, Jessica Cuevas Cuevas, confirm\u00f3 que la prioridad del DIF Jerez es la salud de los sectores vulnerables, y se congratul\u00f3 de que se haga por medio del trabajo en equipo y suma de autoridades de otros municipios de Zacatecas.<\/p>\n<p>Las personas interesadas en ser parte de esta campa\u00f1a de atenci\u00f3n a deficiencias auditivas, pueden presentarse al DIF de su municipio; el apoyo incluir\u00e1 la audiometr\u00eda, el molde de silic\u00f3n, pilas, instructivo y aparato auditivo con un a\u00f1o de garant\u00eda.<\/p>\n<p>El evento estuvo encabezado adem\u00e1s por<br \/>\nla encargada de la jefatura de salud Marcela Gonz\u00e1lez Valdez; Rafael Rangel Garc\u00eda de la empresa proveedora de los aparatos Phone &amp; Medical, y representantes de los municipios de Villanueva, Luis Moya, Enrique Estrada, Tepetongo, Sombrerete, Loreto, P\u00e1nuco, Sain Alto, Calera, Morelos, Monte Escobedo, Joaqu\u00edn Amaro, Tabasco, Ojocaliente, y Momax.<\/p>\n","protected":false},"excerpt":{"rendered":"<p>Se sumar\u00e1n 18 municipios del estado Jerez, Zac.- A iniciativa del Sistema DIF municipal de Jerez, se realizar\u00e1 la Segunda Jornada de Aparatos Auditivos, el 16 de junio a partir de las 8:00 horas en el Centro de Rehabilitaci\u00f3n Infantil y Juvenil Jerez (CRIJJ) y a la cual se sumar\u00e1n en esta ocasi\u00f3n a 18 [&hellip;]<\/p>\n","protected":false},"author":9,"featured_media":22203,"comment_status":"closed","ping_status":"closed","sticky":false,"template":"","format":"standard","meta":{"footnotes":""},"categories":[1370],"tags":[],"class_list":["post-22202","post","type-post","status-publish","format-standard","has-post-thumbnail","hentry","category-jerez"],"_links":{"self":[{"href":"https:\/\/enconecte.com\/index.php?rest_route=\/wp\/v2\/posts\/22202","targetHints":{"allow":["GET"]}}],"collection":[{"href":"https:\/\/enconecte.com\/index.php?rest_route=\/wp\/v2\/posts"}],"about":[{"href":"https:\/\/enconecte.com\/index.php?rest_route=\/wp\/v2\/types\/post"}],"author":[{"embeddable":true,"href":"https:\/\/enconecte.com\/index.php?rest_route=\/wp\/v2\/users\/9"}],"replies":[{"embeddable":true,"href":"https:\/\/enconecte.com\/index.php?rest_route=%2Fwp%2Fv2%2Fcomments&post=22202"}],"version-history":[{"count":0,"href":"https:\/\/enconecte.com\/index.php?rest_route=\/wp\/v2\/posts\/22202\/revisions"}],"wp:featuredmedia":[{"embeddable":true,"href":"https:\/\/enconecte.com\/index.php?rest_route=\/wp\/v2\/media\/22203"}],"wp:attachment":[{"href":"https:\/\/enconecte.com\/index.php?rest_route=%2Fwp%2Fv2%2Fmedia&parent=22202"}],"wp:term":[{"taxonomy":"category","embeddable":true,"href":"https:\/\/enconecte.com\/index.php?rest_route=%2Fwp%2Fv2%2Fcategories&post=22202"},{"taxonomy":"post_tag","embeddable":true,"href":"https:\/\/enconecte.com\/index.php?rest_route=%2Fwp%2Fv2%2Ftags&post=22202"}],"curies":[{"name":"wp","href":"https:\/\/api.w.org\/{rel}","templated":true}]}}