{"id":22134,"date":"2023-04-15T20:25:57","date_gmt":"2023-04-16T02:25:57","guid":{"rendered":"https:\/\/enconecte.com\/?p=22134"},"modified":"2023-04-19T20:28:09","modified_gmt":"2023-04-20T02:28:09","slug":"los-escamilla-orgullo-de-esta-tierra-presente-en-el-festival-jerez-cultura-y-tradicion","status":"publish","type":"post","link":"https:\/\/enconecte.com\/?p=22134","title":{"rendered":"LOS ESCAMILLA, ORGULLO DE ESTA TIERRA, PRESENTE EN EL FESTIVAL JEREZ, CULTURA Y TRADICI\u00d3N"},"content":{"rendered":"<ul>\n<li>El Grupo JZ mostr\u00f3 calidad y buen manejo del estilo musical en la apertura del programa<\/li>\n<\/ul>\n<p>En el inicio del segundo fin de semana, que a su vez representa la parte final del Festival Jerez, Cultura y Tradici\u00f3n, la Banda Los Escamilla protagoniz\u00f3 un gran concierto y baile en la Plaza Principal, donde deleit\u00f3 a sus numerosos fans con lo mejor de su repertorio, regal\u00e1ndoles casi tres horas de actuaci\u00f3n y canciones que distinguen a esta banda fundada hace cuatro d\u00e9cadas, cuando la fiebre por la m\u00fasica estilo sinaloense comenzaba a extenderse por el pa\u00eds.<\/p>\n<p>Con una breve introducci\u00f3n bajo las notas de &#8220;La Marcha de Zacatecas&#8221;, el grupo estelar de este viernes pareci\u00f3 llamar a sus seguidores, que repentinamente aparecieron desde diversos puntos de la Plaza Principal. Mientras los tres vocalistas animaban a los asistentes al ritmo de tarolas y tambora, con la armon\u00eda de trompetas, clarinetes, trombones, tuba y saxores, comenz\u00f3 el baile.<\/p>\n<p><img loading=\"lazy\" decoding=\"async\" class=\"alignnone size-full wp-image-22136\" src=\"https:\/\/enconecte.com\/wp-content\/uploads\/2023\/04\/1cd8c587-a450-4164-88f4-7746425d5d72.jpg\" alt=\"\" width=\"1600\" height=\"1066\" srcset=\"https:\/\/enconecte.com\/wp-content\/uploads\/2023\/04\/1cd8c587-a450-4164-88f4-7746425d5d72.jpg 1600w, https:\/\/enconecte.com\/wp-content\/uploads\/2023\/04\/1cd8c587-a450-4164-88f4-7746425d5d72-300x200.jpg 300w, https:\/\/enconecte.com\/wp-content\/uploads\/2023\/04\/1cd8c587-a450-4164-88f4-7746425d5d72-1024x682.jpg 1024w, https:\/\/enconecte.com\/wp-content\/uploads\/2023\/04\/1cd8c587-a450-4164-88f4-7746425d5d72-768x512.jpg 768w, https:\/\/enconecte.com\/wp-content\/uploads\/2023\/04\/1cd8c587-a450-4164-88f4-7746425d5d72-1536x1023.jpg 1536w, https:\/\/enconecte.com\/wp-content\/uploads\/2023\/04\/1cd8c587-a450-4164-88f4-7746425d5d72-150x100.jpg 150w, https:\/\/enconecte.com\/wp-content\/uploads\/2023\/04\/1cd8c587-a450-4164-88f4-7746425d5d72-696x464.jpg 696w, https:\/\/enconecte.com\/wp-content\/uploads\/2023\/04\/1cd8c587-a450-4164-88f4-7746425d5d72-1068x712.jpg 1068w, https:\/\/enconecte.com\/wp-content\/uploads\/2023\/04\/1cd8c587-a450-4164-88f4-7746425d5d72-630x420.jpg 630w\" sizes=\"auto, (max-width: 1600px) 100vw, 1600px\" \/><\/p>\n<p>Banda Los Escamilla, en la que a\u00fan quedan varios integrantes de la familia, as\u00ed como algunos miembros fundadores y naturalmente, tambi\u00e9n ha sido objeto de renovaci\u00f3n de elementos hasta donde se ha considerado necesario. Es una de las bandas jerezanas con mayor renombre y con m\u00e1s a\u00f1os de trayectoria, heredera de una dinast\u00eda musical que abarca hasta cuatro generaciones de excelentes m\u00fasicos.<\/p>\n<p>Y esta noche dieron una nueva muestra del por qu\u00e9 han sido considerados para premios como el de la Ke Buena en Estados Unidos, pa\u00eds en el que han realizado varias giras durante los \u00faltimos 20 a\u00f1os, adem\u00e1s de haber lanzado hasta ahora 18 producciones musicales.<\/p>\n<p>En la actuaci\u00f3n coestelar de la noche, el grupo JZ comenz\u00f3 el espect\u00e1culo de este viernes interpretando melod\u00edas tradicionales del g\u00e9nero norte\u00f1o y varias del estilo que ellos manejan, con acorde\u00f3n, tuba, bater\u00eda y bajoquinto. Aunque JZ tambi\u00e9n tiene producci\u00f3n propia, con un par de sencillos que se pueden escuchar en plataformas digitales.<\/p>\n<p>El grupo, compuesto por cuatro integrantes, se est\u00e1 abriendo puertas en el \u00e1mbito musical y, a pesar del poco tiempo que tienen de haberse conformado, ya pueden contar con importantes presentaciones en la entidad y en otros estados como San Luis Potos\u00ed y Aguascalientes. Tambi\u00e9n compartieron su gran calidad interpretativa en el Foro Cultural 2023.<\/p>\n","protected":false},"excerpt":{"rendered":"<p>El Grupo JZ mostr\u00f3 calidad y buen manejo del estilo musical en la apertura del programa En el inicio del segundo fin de semana, que a su vez representa la parte final del Festival Jerez, Cultura y Tradici\u00f3n, la Banda Los Escamilla protagoniz\u00f3 un gran concierto y baile en la Plaza Principal, donde deleit\u00f3 a [&hellip;]<\/p>\n","protected":false},"author":9,"featured_media":22135,"comment_status":"closed","ping_status":"closed","sticky":false,"template":"","format":"standard","meta":{"footnotes":""},"categories":[1370],"tags":[],"class_list":["post-22134","post","type-post","status-publish","format-standard","has-post-thumbnail","hentry","category-jerez"],"_links":{"self":[{"href":"https:\/\/enconecte.com\/index.php?rest_route=\/wp\/v2\/posts\/22134","targetHints":{"allow":["GET"]}}],"collection":[{"href":"https:\/\/enconecte.com\/index.php?rest_route=\/wp\/v2\/posts"}],"about":[{"href":"https:\/\/enconecte.com\/index.php?rest_route=\/wp\/v2\/types\/post"}],"author":[{"embeddable":true,"href":"https:\/\/enconecte.com\/index.php?rest_route=\/wp\/v2\/users\/9"}],"replies":[{"embeddable":true,"href":"https:\/\/enconecte.com\/index.php?rest_route=%2Fwp%2Fv2%2Fcomments&post=22134"}],"version-history":[{"count":0,"href":"https:\/\/enconecte.com\/index.php?rest_route=\/wp\/v2\/posts\/22134\/revisions"}],"wp:featuredmedia":[{"embeddable":true,"href":"https:\/\/enconecte.com\/index.php?rest_route=\/wp\/v2\/media\/22135"}],"wp:attachment":[{"href":"https:\/\/enconecte.com\/index.php?rest_route=%2Fwp%2Fv2%2Fmedia&parent=22134"}],"wp:term":[{"taxonomy":"category","embeddable":true,"href":"https:\/\/enconecte.com\/index.php?rest_route=%2Fwp%2Fv2%2Fcategories&post=22134"},{"taxonomy":"post_tag","embeddable":true,"href":"https:\/\/enconecte.com\/index.php?rest_route=%2Fwp%2Fv2%2Ftags&post=22134"}],"curies":[{"name":"wp","href":"https:\/\/api.w.org\/{rel}","templated":true}]}}