{"id":22126,"date":"2023-04-14T20:22:56","date_gmt":"2023-04-15T02:22:56","guid":{"rendered":"https:\/\/enconecte.com\/?p=22126"},"modified":"2023-04-19T20:23:28","modified_gmt":"2023-04-20T02:23:28","slug":"designa-el-cabildo-de-jerez-nuevo-titular-de-la-dspm","status":"publish","type":"post","link":"https:\/\/enconecte.com\/?p=22126","title":{"rendered":"DESIGNA EL CABILDO DE JEREZ NUEVO TITULAR DE LA DSPM"},"content":{"rendered":"<p>El Ayuntamiento design\u00f3 por unanimidad a Juan Jos\u00e9 Rodr\u00edguez Cervera como el nuevo director de Seguridad P\u00fablica, despu\u00e9s de que el presidente municipal Jos\u00e9 Humberto Salazar Contreras presentara una terna de aspirantes para ocupar el cargo.<\/p>\n<p>Durante la sesi\u00f3n ordinaria de Cabildo celebrada esta ma\u00f1ana, se dieron a conocer los nombres de los tres aspirantes propuestos por el alcalde, de acuerdo con las facultades que le confiere la Ley. Esto ocurri\u00f3 luego de que el anterior director, Jos\u00e9 Fi\u00f3filo Meraz Mac\u00edas, presentara su renuncia voluntaria con fecha del 5 de abril pasado.<\/p>\n<p>Durante el punto del orden del d\u00eda, el secretario de gobierno H\u00e9ctor Hugo Ram\u00edrez Escobedo inform\u00f3 que Rodr\u00edguez Cervera estuvo al frente de la corporaci\u00f3n durante los d\u00edas recientes, debido a que la separaci\u00f3n voluntaria del anterior director se dio un d\u00eda antes del jueves santo, y considerando que son d\u00edas de intensa actividad en el municipio, la direcci\u00f3n no pod\u00eda quedar vacante. Por lo tanto, el presidente le otorg\u00f3 el nombramiento provisional, que hoy se ratific\u00f3 formalmente como titular.<\/p>\n<p>Despu\u00e9s de que el Ayuntamiento avalara la propuesta, se procedi\u00f3 al protocolo de toma de protesta del nuevo director, quien a partir de hoy se desempe\u00f1ar\u00e1 en la funci\u00f3n que la autoridad respectiva le ha conferido.<\/p>\n<p><img loading=\"lazy\" decoding=\"async\" class=\"alignnone size-full wp-image-22127\" src=\"https:\/\/enconecte.com\/wp-content\/uploads\/2023\/04\/21ca7fbf-19ca-4eb7-adb4-ae68d4449b54.jpg\" alt=\"\" width=\"1600\" height=\"1066\" srcset=\"https:\/\/enconecte.com\/wp-content\/uploads\/2023\/04\/21ca7fbf-19ca-4eb7-adb4-ae68d4449b54.jpg 1600w, https:\/\/enconecte.com\/wp-content\/uploads\/2023\/04\/21ca7fbf-19ca-4eb7-adb4-ae68d4449b54-300x200.jpg 300w, https:\/\/enconecte.com\/wp-content\/uploads\/2023\/04\/21ca7fbf-19ca-4eb7-adb4-ae68d4449b54-1024x682.jpg 1024w, https:\/\/enconecte.com\/wp-content\/uploads\/2023\/04\/21ca7fbf-19ca-4eb7-adb4-ae68d4449b54-768x512.jpg 768w, https:\/\/enconecte.com\/wp-content\/uploads\/2023\/04\/21ca7fbf-19ca-4eb7-adb4-ae68d4449b54-1536x1023.jpg 1536w, https:\/\/enconecte.com\/wp-content\/uploads\/2023\/04\/21ca7fbf-19ca-4eb7-adb4-ae68d4449b54-150x100.jpg 150w, https:\/\/enconecte.com\/wp-content\/uploads\/2023\/04\/21ca7fbf-19ca-4eb7-adb4-ae68d4449b54-696x464.jpg 696w, https:\/\/enconecte.com\/wp-content\/uploads\/2023\/04\/21ca7fbf-19ca-4eb7-adb4-ae68d4449b54-1068x712.jpg 1068w, https:\/\/enconecte.com\/wp-content\/uploads\/2023\/04\/21ca7fbf-19ca-4eb7-adb4-ae68d4449b54-630x420.jpg 630w\" sizes=\"auto, (max-width: 1600px) 100vw, 1600px\" \/><\/p>\n","protected":false},"excerpt":{"rendered":"<p>El Ayuntamiento design\u00f3 por unanimidad a Juan Jos\u00e9 Rodr\u00edguez Cervera como el nuevo director de Seguridad P\u00fablica, despu\u00e9s de que el presidente municipal Jos\u00e9 Humberto Salazar Contreras presentara una terna de aspirantes para ocupar el cargo. Durante la sesi\u00f3n ordinaria de Cabildo celebrada esta ma\u00f1ana, se dieron a conocer los nombres de los tres aspirantes [&hellip;]<\/p>\n","protected":false},"author":9,"featured_media":22128,"comment_status":"closed","ping_status":"closed","sticky":false,"template":"","format":"standard","meta":{"footnotes":""},"categories":[1370],"tags":[],"class_list":["post-22126","post","type-post","status-publish","format-standard","has-post-thumbnail","hentry","category-jerez"],"_links":{"self":[{"href":"https:\/\/enconecte.com\/index.php?rest_route=\/wp\/v2\/posts\/22126","targetHints":{"allow":["GET"]}}],"collection":[{"href":"https:\/\/enconecte.com\/index.php?rest_route=\/wp\/v2\/posts"}],"about":[{"href":"https:\/\/enconecte.com\/index.php?rest_route=\/wp\/v2\/types\/post"}],"author":[{"embeddable":true,"href":"https:\/\/enconecte.com\/index.php?rest_route=\/wp\/v2\/users\/9"}],"replies":[{"embeddable":true,"href":"https:\/\/enconecte.com\/index.php?rest_route=%2Fwp%2Fv2%2Fcomments&post=22126"}],"version-history":[{"count":0,"href":"https:\/\/enconecte.com\/index.php?rest_route=\/wp\/v2\/posts\/22126\/revisions"}],"wp:featuredmedia":[{"embeddable":true,"href":"https:\/\/enconecte.com\/index.php?rest_route=\/wp\/v2\/media\/22128"}],"wp:attachment":[{"href":"https:\/\/enconecte.com\/index.php?rest_route=%2Fwp%2Fv2%2Fmedia&parent=22126"}],"wp:term":[{"taxonomy":"category","embeddable":true,"href":"https:\/\/enconecte.com\/index.php?rest_route=%2Fwp%2Fv2%2Fcategories&post=22126"},{"taxonomy":"post_tag","embeddable":true,"href":"https:\/\/enconecte.com\/index.php?rest_route=%2Fwp%2Fv2%2Ftags&post=22126"}],"curies":[{"name":"wp","href":"https:\/\/api.w.org\/{rel}","templated":true}]}}