{"id":22123,"date":"2023-04-14T20:21:54","date_gmt":"2023-04-15T02:21:54","guid":{"rendered":"https:\/\/enconecte.com\/?p=22123"},"modified":"2023-04-19T20:22:25","modified_gmt":"2023-04-20T02:22:25","slug":"gran-noche-de-mariachi-con-sol-azteca-los-galleros-e-internacional","status":"publish","type":"post","link":"https:\/\/enconecte.com\/?p=22123","title":{"rendered":"GRAN NOCHE DE MARIACHI CON SOL AZTECA, LOS GALLEROS E INTERNACIONAL"},"content":{"rendered":"<p>La m\u00fasica vern\u00e1cula se hizo presente en el Festival Jerez, Cultura y Tradici\u00f3n con la actuaci\u00f3n de los mariachis jerezanos Sol Azteca, Los Galleros e Internacional de Miguel de la Rosa. Durante cuatro horas, deleitaron al p\u00fablico jerezano y a los visitantes con una gran cantidad de melod\u00edas. Se escucharon los sones m\u00e1s tradicionales de este estilo musical aut\u00e9nticamente mexicano, los boleros m\u00e1s cl\u00e1sicos, as\u00ed como una gran cantidad de melod\u00edas del cancionero popular mexicano y canciones de actualidad o del recuerdo que en su origen eran de otro estilo y que se presentaron en arreglos especiales para mariachi.<\/p>\n<p>La fusi\u00f3n de los violines, las trompetas, el guitarr\u00f3n, la vig\u00fcela y en algunos casos el arpa y la guitarra, logr\u00f3 tocar los sentimientos del p\u00fablico conocedor, que se dio cita desde temprano y que recurrentemente solicitaba temas, cantaba las canciones que les gustaban y segu\u00eda el ritmo con las palmas.<\/p>\n<p>Sol Azteca abri\u00f3 la actuaci\u00f3n, luciendo vistosos trajes de color vino. Esta agrupaci\u00f3n jerezana se form\u00f3 hace nueve a\u00f1os y ha tenido la oportunidad de acompa\u00f1ar a artistas como Antonio Aguilar hijo en su trayectoria.<\/p>\n<p>Luego, se present\u00f3 uno de los mariachis tradicionales de Jerez, Los Galleros, que esa noche lucieron elegantes atuendos negros. Este grupo fue fundado hace 42 a\u00f1os y puede presumir de haber armonizado actuaciones de reconocidos artistas como Alberto V\u00e1zquez, Antonio Aguilar, Yolanda del R\u00edo, Charro Avitia, Piporro y otros, durante los 14 a\u00f1os que recorrieron palenques de Aguascalientes, Durango y Jerez.<\/p>\n<p><img loading=\"lazy\" decoding=\"async\" class=\"alignnone size-full wp-image-22125\" src=\"https:\/\/enconecte.com\/wp-content\/uploads\/2023\/04\/603c1146-7c37-413b-be86-e4f9eca03fff.jpg\" alt=\"\" width=\"1599\" height=\"1066\" srcset=\"https:\/\/enconecte.com\/wp-content\/uploads\/2023\/04\/603c1146-7c37-413b-be86-e4f9eca03fff.jpg 1599w, https:\/\/enconecte.com\/wp-content\/uploads\/2023\/04\/603c1146-7c37-413b-be86-e4f9eca03fff-300x200.jpg 300w, https:\/\/enconecte.com\/wp-content\/uploads\/2023\/04\/603c1146-7c37-413b-be86-e4f9eca03fff-1024x683.jpg 1024w, https:\/\/enconecte.com\/wp-content\/uploads\/2023\/04\/603c1146-7c37-413b-be86-e4f9eca03fff-768x512.jpg 768w, https:\/\/enconecte.com\/wp-content\/uploads\/2023\/04\/603c1146-7c37-413b-be86-e4f9eca03fff-1536x1024.jpg 1536w, https:\/\/enconecte.com\/wp-content\/uploads\/2023\/04\/603c1146-7c37-413b-be86-e4f9eca03fff-150x100.jpg 150w, https:\/\/enconecte.com\/wp-content\/uploads\/2023\/04\/603c1146-7c37-413b-be86-e4f9eca03fff-696x464.jpg 696w, https:\/\/enconecte.com\/wp-content\/uploads\/2023\/04\/603c1146-7c37-413b-be86-e4f9eca03fff-1068x712.jpg 1068w, https:\/\/enconecte.com\/wp-content\/uploads\/2023\/04\/603c1146-7c37-413b-be86-e4f9eca03fff-630x420.jpg 630w\" sizes=\"auto, (max-width: 1599px) 100vw, 1599px\" \/><\/p>\n<p>Y el gran cierre estuvo a cargo del mariachi Internacional de Miguel de la Rosa, quienes portaban el traje mexicano que incluye sombrero charro. Este conjunto inici\u00f3 su trayectoria en el a\u00f1o 2000 y tambi\u00e9n tiene un importante curr\u00edculum a nivel local, nacional e internacional. Fueron ellos quienes acompa\u00f1aron al grupo CALMECAC en su presentaci\u00f3n en Colombia y en Veracruz, adem\u00e1s de haber acompa\u00f1ado a artistas como Humberto Cravioto, Jos\u00e9 \u00c1ngel El Cuervo y Lorenzo de Monteclaro.<\/p>\n<p>Estas tres organizaciones musicales de mariachis fueron el deleite del p\u00fablico asistente que permaneci\u00f3 de principio a fin, escuchando m\u00e1s de 50 temas que sum\u00f3 el concierto, y aplaudieron cada una de las interpretaciones de estos talentosos m\u00fasicos jerezanos, representantes del folclore mexicano.<\/p>\n","protected":false},"excerpt":{"rendered":"<p>La m\u00fasica vern\u00e1cula se hizo presente en el Festival Jerez, Cultura y Tradici\u00f3n con la actuaci\u00f3n de los mariachis jerezanos Sol Azteca, Los Galleros e Internacional de Miguel de la Rosa. Durante cuatro horas, deleitaron al p\u00fablico jerezano y a los visitantes con una gran cantidad de melod\u00edas. Se escucharon los sones m\u00e1s tradicionales de [&hellip;]<\/p>\n","protected":false},"author":9,"featured_media":22124,"comment_status":"closed","ping_status":"closed","sticky":false,"template":"","format":"standard","meta":{"footnotes":""},"categories":[1370],"tags":[],"class_list":["post-22123","post","type-post","status-publish","format-standard","has-post-thumbnail","hentry","category-jerez"],"_links":{"self":[{"href":"https:\/\/enconecte.com\/index.php?rest_route=\/wp\/v2\/posts\/22123","targetHints":{"allow":["GET"]}}],"collection":[{"href":"https:\/\/enconecte.com\/index.php?rest_route=\/wp\/v2\/posts"}],"about":[{"href":"https:\/\/enconecte.com\/index.php?rest_route=\/wp\/v2\/types\/post"}],"author":[{"embeddable":true,"href":"https:\/\/enconecte.com\/index.php?rest_route=\/wp\/v2\/users\/9"}],"replies":[{"embeddable":true,"href":"https:\/\/enconecte.com\/index.php?rest_route=%2Fwp%2Fv2%2Fcomments&post=22123"}],"version-history":[{"count":0,"href":"https:\/\/enconecte.com\/index.php?rest_route=\/wp\/v2\/posts\/22123\/revisions"}],"wp:featuredmedia":[{"embeddable":true,"href":"https:\/\/enconecte.com\/index.php?rest_route=\/wp\/v2\/media\/22124"}],"wp:attachment":[{"href":"https:\/\/enconecte.com\/index.php?rest_route=%2Fwp%2Fv2%2Fmedia&parent=22123"}],"wp:term":[{"taxonomy":"category","embeddable":true,"href":"https:\/\/enconecte.com\/index.php?rest_route=%2Fwp%2Fv2%2Fcategories&post=22123"},{"taxonomy":"post_tag","embeddable":true,"href":"https:\/\/enconecte.com\/index.php?rest_route=%2Fwp%2Fv2%2Ftags&post=22123"}],"curies":[{"name":"wp","href":"https:\/\/api.w.org\/{rel}","templated":true}]}}