{"id":22110,"date":"2023-04-13T20:15:44","date_gmt":"2023-04-14T02:15:44","guid":{"rendered":"https:\/\/enconecte.com\/?p=22110"},"modified":"2023-04-19T20:16:31","modified_gmt":"2023-04-20T02:16:31","slug":"en-jerez-llevan-curso-infantil-en-primavera-la-biblioteca-te-espera-2023","status":"publish","type":"post","link":"https:\/\/enconecte.com\/?p=22110","title":{"rendered":"EN JEREZ LLEVAN CURSO INFANTIL \u201cEN PRIMAVERA LA BIBLIOTECA TE ESPERA 2023\u201d"},"content":{"rendered":"<ul>\n<li>M\u00e1s de 30 ni\u00f1os jerezanos asisten en la Biblioteca modelo \u201cRam\u00f3n L\u00f3pez Velarde\u201d a recibir el curso.<\/li>\n<\/ul>\n<p>Jerez, Zac.-Como se hab\u00eda anunciado previamente, la Biblioteca modelo &#8220;Ram\u00f3n L\u00f3pez Velarde&#8221;, junto con las 10 bibliotecas ubicadas en la cabecera municipal y comunidades, est\u00e1n llevando a cabo esta semana, del 10 al 14 de abril de 2023, mini talleres de lectura titulados &#8220;En Primavera la biblioteca te espera 2023&#8221;, con el objetivo de fomentar la lectura entre los ni\u00f1os de Jerez, como parte de los compromisos del gobierno municipal 2021-2024. Estos talleres son realizados en coordinaci\u00f3n con la Direcci\u00f3n General de Bibliotecas del gobierno federal.<\/p>\n<p>La encargada de la Biblioteca modelo &#8220;Ram\u00f3n L\u00f3pez Velarde&#8221;, Silvia Alcalde F\u00e9lix, explic\u00f3 en una entrevista que los talleres est\u00e1n dirigidos a ni\u00f1os de 6 a 13 a\u00f1os de forma gratuita, en horario de 11:00 a.m. a 1:00 p.m., con el tema principal: &#8220;Jaja, leer para re\u00edr&#8221;, enfocado especialmente en que los ni\u00f1os disfruten de actividades l\u00fadicas y recreativas, mientras aprenden de forma divertida a trav\u00e9s de trabajos din\u00e1micos. Adem\u00e1s, mencion\u00f3 que se han dividido en dos grupos seg\u00fan edades y que hasta el momento han abordado temas como trabalenguas, obras de teatro, chistes educativos y papiroflexia, con el apoyo del Prof. Lorenzo Ram\u00edrez.<\/p>\n<p>Silvia Alcalde tambi\u00e9n mencion\u00f3 que hasta el momento han tenido una muy buena respuesta por parte de los padres de familia y los ni\u00f1os, con m\u00e1s de 30 infantes participando en estos cursos. Finalmente, invit\u00f3 a la poblaci\u00f3n en general a estar atenta a futuros cursos en las bibliotecas municipales.<\/p>\n","protected":false},"excerpt":{"rendered":"<p>M\u00e1s de 30 ni\u00f1os jerezanos asisten en la Biblioteca modelo \u201cRam\u00f3n L\u00f3pez Velarde\u201d a recibir el curso. Jerez, Zac.-Como se hab\u00eda anunciado previamente, la Biblioteca modelo &#8220;Ram\u00f3n L\u00f3pez Velarde&#8221;, junto con las 10 bibliotecas ubicadas en la cabecera municipal y comunidades, est\u00e1n llevando a cabo esta semana, del 10 al 14 de abril de 2023, [&hellip;]<\/p>\n","protected":false},"author":9,"featured_media":22111,"comment_status":"closed","ping_status":"closed","sticky":false,"template":"","format":"standard","meta":{"footnotes":""},"categories":[1370],"tags":[],"class_list":["post-22110","post","type-post","status-publish","format-standard","has-post-thumbnail","hentry","category-jerez"],"_links":{"self":[{"href":"https:\/\/enconecte.com\/index.php?rest_route=\/wp\/v2\/posts\/22110","targetHints":{"allow":["GET"]}}],"collection":[{"href":"https:\/\/enconecte.com\/index.php?rest_route=\/wp\/v2\/posts"}],"about":[{"href":"https:\/\/enconecte.com\/index.php?rest_route=\/wp\/v2\/types\/post"}],"author":[{"embeddable":true,"href":"https:\/\/enconecte.com\/index.php?rest_route=\/wp\/v2\/users\/9"}],"replies":[{"embeddable":true,"href":"https:\/\/enconecte.com\/index.php?rest_route=%2Fwp%2Fv2%2Fcomments&post=22110"}],"version-history":[{"count":0,"href":"https:\/\/enconecte.com\/index.php?rest_route=\/wp\/v2\/posts\/22110\/revisions"}],"wp:featuredmedia":[{"embeddable":true,"href":"https:\/\/enconecte.com\/index.php?rest_route=\/wp\/v2\/media\/22111"}],"wp:attachment":[{"href":"https:\/\/enconecte.com\/index.php?rest_route=%2Fwp%2Fv2%2Fmedia&parent=22110"}],"wp:term":[{"taxonomy":"category","embeddable":true,"href":"https:\/\/enconecte.com\/index.php?rest_route=%2Fwp%2Fv2%2Fcategories&post=22110"},{"taxonomy":"post_tag","embeddable":true,"href":"https:\/\/enconecte.com\/index.php?rest_route=%2Fwp%2Fv2%2Ftags&post=22110"}],"curies":[{"name":"wp","href":"https:\/\/api.w.org\/{rel}","templated":true}]}}