{"id":22094,"date":"2023-04-11T20:07:47","date_gmt":"2023-04-12T02:07:47","guid":{"rendered":"https:\/\/enconecte.com\/?p=22094"},"modified":"2023-04-19T20:08:24","modified_gmt":"2023-04-20T02:08:24","slug":"entrego-el-doctor-salazar-otra-obra-de-pavimentacion-en-colonia-villa-fontana","status":"publish","type":"post","link":"https:\/\/enconecte.com\/?p=22094","title":{"rendered":"ENTREG\u00d3 EL DOCTOR SALAZAR OTRA OBRA DE PAVIMENTACI\u00d3N EN COLONIA VILLA FONTANA"},"content":{"rendered":"<ul>\n<li>Ratifica el compromiso de su gobierno de efectuar trabajos de calidad que perduren<\/li>\n<\/ul>\n<p>Jerez, Zac.- Durante la entrega oficial de la pavimentaci\u00f3n en la calle Feliciano Espinoza, en el Fraccionamiento Villa Fontana, el alcalde Jos\u00e9 Humberto Salazar Contreras ratific\u00f3 el compromiso de su administraci\u00f3n de llevar a cabo obras de calidad en beneficio de la poblaci\u00f3n en las comunidades y colonias del municipio. El alcalde destac\u00f3 que no solo se trata del trabajo que se ve a simple vista, sino tambi\u00e9n de los procesos ocultos, como el abastecimiento de agua potable y drenaje, que son igualmente importantes.<\/p>\n<p>Acompa\u00f1ado por colaboradores del gobierno municipal y vecinos de esa zona de la ciudad, el presidente mencion\u00f3 que se est\u00e1n identificando las necesidades m\u00e1s urgentes en cada lugar y que se buscar\u00e1 mejorar las condiciones de la calle Rafael P\u00e1ez en este caso.<\/p>\n<p>Durante el evento, el presidente del comit\u00e9 de Participaci\u00f3n Social, Fidel Pasillas Herrera, resalt\u00f3 la importancia de la pavimentaci\u00f3n de esta calle, ya que conecta esta parte de la Colonia con el Fraccionamiento Las Quintas, lo que sin duda mejorar\u00e1 la fluidez del tr\u00e1fico en una zona donde se encuentran varias instituciones educativas y la unidad deportiva.<\/p>\n<p><img loading=\"lazy\" decoding=\"async\" class=\"alignnone size-full wp-image-22096\" src=\"https:\/\/enconecte.com\/wp-content\/uploads\/2023\/04\/5a2d6f83-d182-4bab-8552-8e5e83efe53f.jpg\" alt=\"\" width=\"1599\" height=\"1066\" srcset=\"https:\/\/enconecte.com\/wp-content\/uploads\/2023\/04\/5a2d6f83-d182-4bab-8552-8e5e83efe53f.jpg 1599w, https:\/\/enconecte.com\/wp-content\/uploads\/2023\/04\/5a2d6f83-d182-4bab-8552-8e5e83efe53f-300x200.jpg 300w, https:\/\/enconecte.com\/wp-content\/uploads\/2023\/04\/5a2d6f83-d182-4bab-8552-8e5e83efe53f-1024x683.jpg 1024w, https:\/\/enconecte.com\/wp-content\/uploads\/2023\/04\/5a2d6f83-d182-4bab-8552-8e5e83efe53f-768x512.jpg 768w, https:\/\/enconecte.com\/wp-content\/uploads\/2023\/04\/5a2d6f83-d182-4bab-8552-8e5e83efe53f-1536x1024.jpg 1536w, https:\/\/enconecte.com\/wp-content\/uploads\/2023\/04\/5a2d6f83-d182-4bab-8552-8e5e83efe53f-150x100.jpg 150w, https:\/\/enconecte.com\/wp-content\/uploads\/2023\/04\/5a2d6f83-d182-4bab-8552-8e5e83efe53f-696x464.jpg 696w, https:\/\/enconecte.com\/wp-content\/uploads\/2023\/04\/5a2d6f83-d182-4bab-8552-8e5e83efe53f-1068x712.jpg 1068w, https:\/\/enconecte.com\/wp-content\/uploads\/2023\/04\/5a2d6f83-d182-4bab-8552-8e5e83efe53f-630x420.jpg 630w\" sizes=\"auto, (max-width: 1599px) 100vw, 1599px\" \/><\/p>\n<p>Por su parte, el director de Obras y Servicios P\u00fablicos, Alfredo Mar\u00edn Luna, inform\u00f3 que se trabaj\u00f3 en coordinaci\u00f3n con el Sistema Municipal de Agua Potable y Alcantarillado de Jerez (SIMAPAJ) para reponer las l\u00edneas de agua potable y drenaje, instalando tomas domiciliarias y descargas. Posteriormente, se llev\u00f3 a cabo el corte del terreno, la construcci\u00f3n de la base hidr\u00e1ulica, la colocaci\u00f3n de 64 metros de banqueta y guarnici\u00f3n, as\u00ed como 350 metros de pavimento, un reductor de velocidad y rampas para personas discapacitadas, adem\u00e1s de la se\u00f1alizaci\u00f3n correspondiente.<\/p>\n<p>El doctor Salazar estuvo acompa\u00f1ado adem\u00e1s por los directores de Desarrollo Econ\u00f3mico y Social, David Josafat de la Torre Pinedo, y del SIMAPAJ, Marco Antonio Valenzuela Esquivel, as\u00ed como por los vecinos Patricia Flores Ch\u00e1vez, secretaria del comit\u00e9 de obra, y los beneficiarios de la colonia, Norma Edith God\u00ednez e Ignacio Navarro Ortega.<\/p>\n","protected":false},"excerpt":{"rendered":"<p>Ratifica el compromiso de su gobierno de efectuar trabajos de calidad que perduren Jerez, Zac.- Durante la entrega oficial de la pavimentaci\u00f3n en la calle Feliciano Espinoza, en el Fraccionamiento Villa Fontana, el alcalde Jos\u00e9 Humberto Salazar Contreras ratific\u00f3 el compromiso de su administraci\u00f3n de llevar a cabo obras de calidad en beneficio de la [&hellip;]<\/p>\n","protected":false},"author":9,"featured_media":22095,"comment_status":"closed","ping_status":"closed","sticky":false,"template":"","format":"standard","meta":{"footnotes":""},"categories":[1370],"tags":[],"class_list":["post-22094","post","type-post","status-publish","format-standard","has-post-thumbnail","hentry","category-jerez"],"_links":{"self":[{"href":"https:\/\/enconecte.com\/index.php?rest_route=\/wp\/v2\/posts\/22094","targetHints":{"allow":["GET"]}}],"collection":[{"href":"https:\/\/enconecte.com\/index.php?rest_route=\/wp\/v2\/posts"}],"about":[{"href":"https:\/\/enconecte.com\/index.php?rest_route=\/wp\/v2\/types\/post"}],"author":[{"embeddable":true,"href":"https:\/\/enconecte.com\/index.php?rest_route=\/wp\/v2\/users\/9"}],"replies":[{"embeddable":true,"href":"https:\/\/enconecte.com\/index.php?rest_route=%2Fwp%2Fv2%2Fcomments&post=22094"}],"version-history":[{"count":0,"href":"https:\/\/enconecte.com\/index.php?rest_route=\/wp\/v2\/posts\/22094\/revisions"}],"wp:featuredmedia":[{"embeddable":true,"href":"https:\/\/enconecte.com\/index.php?rest_route=\/wp\/v2\/media\/22095"}],"wp:attachment":[{"href":"https:\/\/enconecte.com\/index.php?rest_route=%2Fwp%2Fv2%2Fmedia&parent=22094"}],"wp:term":[{"taxonomy":"category","embeddable":true,"href":"https:\/\/enconecte.com\/index.php?rest_route=%2Fwp%2Fv2%2Fcategories&post=22094"},{"taxonomy":"post_tag","embeddable":true,"href":"https:\/\/enconecte.com\/index.php?rest_route=%2Fwp%2Fv2%2Ftags&post=22094"}],"curies":[{"name":"wp","href":"https:\/\/api.w.org\/{rel}","templated":true}]}}