{"id":22078,"date":"2023-04-09T19:56:02","date_gmt":"2023-04-10T01:56:02","guid":{"rendered":"https:\/\/enconecte.com\/?p=22078"},"modified":"2023-04-19T19:57:01","modified_gmt":"2023-04-20T01:57:01","slug":"reapertura-del-jardin-principal-rafael-paez-en-jerez","status":"publish","type":"post","link":"https:\/\/enconecte.com\/?p=22078","title":{"rendered":"REAPERTURA DEL JARD\u00cdN PRINCIPAL RAFAEL P\u00c1EZ EN JEREZ"},"content":{"rendered":"<p>En Jerez, Zacatecas, como es tradici\u00f3n despu\u00e9s de la \u00e9poca de cuaresma, se llev\u00f3 a cabo la reapertura del Jard\u00edn Principal Rafael P\u00e1ez. Autoridades municipales, representantes de belleza jerezanas, ciudadanos y turistas se dieron cita la ma\u00f1ana de este domingo de pascua para hacer uso nuevamente de las instalaciones y apreciar la decoraci\u00f3n de la fuente del ala este del hermoso jard\u00edn.<\/p>\n<p>Al inicio del evento, el Lic. Francisco Serrano Miranda, director de Turismo, explic\u00f3 que el jard\u00edn se cierra durante la cuaresma para permitir que se regenere, y se reabre el Domingo de Resurrecci\u00f3n para el disfrute de los jerezanos. Asimismo, agradeci\u00f3 a la florer\u00eda &#8220;Flor de Seda&#8221;, encargada de la decoraci\u00f3n de la fuente del ala este. Por su parte, el Lic. Josafat de la Torre Pinedo, director de Desarrollo Econ\u00f3mico y Social Municipal, dio la bienvenida en nombre del Dr. Humberto Salazar, alcalde municipal, e invit\u00f3 a los jerezanos y visitantes a hacer uso del jard\u00edn y cuidarlo para el disfrute de todos.<\/p>\n<p>Adem\u00e1s de los funcionarios, asistieron las bellezas jerezanas Naomi Arellano, Teen Universal Zacatecas 2022, Alondra Cortes, Pre-teen Universal Rivera Maya 2023, y el se\u00f1or Fernando Jalisco, propietario de la florer\u00eda Flor de Seda, frente al Jard\u00edn Principal Rafael P\u00e1ez. Todos ellos realizaron la reapertura y recorrido en este lugar emblem\u00e1tico, amenizados con m\u00fasica en vivo de mariachi, quien deleit\u00f3 a los jerezanos con algunas melod\u00edas.<\/p>\n","protected":false},"excerpt":{"rendered":"<p>En Jerez, Zacatecas, como es tradici\u00f3n despu\u00e9s de la \u00e9poca de cuaresma, se llev\u00f3 a cabo la reapertura del Jard\u00edn Principal Rafael P\u00e1ez. Autoridades municipales, representantes de belleza jerezanas, ciudadanos y turistas se dieron cita la ma\u00f1ana de este domingo de pascua para hacer uso nuevamente de las instalaciones y apreciar la decoraci\u00f3n de la [&hellip;]<\/p>\n","protected":false},"author":9,"featured_media":22079,"comment_status":"closed","ping_status":"closed","sticky":false,"template":"","format":"standard","meta":{"footnotes":""},"categories":[1370],"tags":[],"class_list":["post-22078","post","type-post","status-publish","format-standard","has-post-thumbnail","hentry","category-jerez"],"_links":{"self":[{"href":"https:\/\/enconecte.com\/index.php?rest_route=\/wp\/v2\/posts\/22078","targetHints":{"allow":["GET"]}}],"collection":[{"href":"https:\/\/enconecte.com\/index.php?rest_route=\/wp\/v2\/posts"}],"about":[{"href":"https:\/\/enconecte.com\/index.php?rest_route=\/wp\/v2\/types\/post"}],"author":[{"embeddable":true,"href":"https:\/\/enconecte.com\/index.php?rest_route=\/wp\/v2\/users\/9"}],"replies":[{"embeddable":true,"href":"https:\/\/enconecte.com\/index.php?rest_route=%2Fwp%2Fv2%2Fcomments&post=22078"}],"version-history":[{"count":0,"href":"https:\/\/enconecte.com\/index.php?rest_route=\/wp\/v2\/posts\/22078\/revisions"}],"wp:featuredmedia":[{"embeddable":true,"href":"https:\/\/enconecte.com\/index.php?rest_route=\/wp\/v2\/media\/22079"}],"wp:attachment":[{"href":"https:\/\/enconecte.com\/index.php?rest_route=%2Fwp%2Fv2%2Fmedia&parent=22078"}],"wp:term":[{"taxonomy":"category","embeddable":true,"href":"https:\/\/enconecte.com\/index.php?rest_route=%2Fwp%2Fv2%2Fcategories&post=22078"},{"taxonomy":"post_tag","embeddable":true,"href":"https:\/\/enconecte.com\/index.php?rest_route=%2Fwp%2Fv2%2Ftags&post=22078"}],"curies":[{"name":"wp","href":"https:\/\/api.w.org\/{rel}","templated":true}]}}