{"id":22071,"date":"2023-04-08T19:52:28","date_gmt":"2023-04-09T01:52:28","guid":{"rendered":"https:\/\/enconecte.com\/?p=22071"},"modified":"2023-04-19T23:09:08","modified_gmt":"2023-04-20T05:09:08","slug":"en-jerez-perdura-el-autentico-sabado-de-gloria-con-su-cabalgata-charra-y-quema-de-judas","status":"publish","type":"post","link":"https:\/\/enconecte.com\/?p=22071","title":{"rendered":"EN JEREZ PERDURA EL AUT\u00c9NTICO S\u00c1BADO DE GLORIA CON SU CABALGATA CHARRA Y QUEMA DE JUDAS"},"content":{"rendered":"<ul>\n<li>La sociedad jerezana tom\u00f3 la iniciativa de no dejar morir esta tradici\u00f3n tan importante para la reactivaci\u00f3n econ\u00f3mica del municipio<\/li>\n<\/ul>\n<p>Jerez, Zac.- Con la se\u00f1al del sable de la Polic\u00eda Montada del Estado y las notas de la Marcha de Zacatecas interpretada por una banda jerezana, la cabalgata charra del S\u00e1bado de Gloria 2023 comenz\u00f3 su recorrido. Cientos de personas esperaban en ambas aceras de la calle principal para ver pasar el contingente y tomar videos con sus tel\u00e9fonos para compartir con amigos y familiares en otras partes del pa\u00eds e incluso en el extranjero.<\/p>\n<p>Cuando los jinetes llegaron a las puertas del Santuario, se quitaron los sombreros charros y saludaron a la imagen venerada. Algunos se tomaron unos momentos para hacer una oraci\u00f3n en silencio mientras la banda tocaba m\u00fasica dedicada a la Patrona de los Jerezanos. A petici\u00f3n de un migrante, la banda tambi\u00e9n interpret\u00f3 tres Dianas y las Ma\u00f1anitas en su honor.<\/p>\n<p><img loading=\"lazy\" decoding=\"async\" class=\"alignnone size-full wp-image-22072\" src=\"https:\/\/enconecte.com\/wp-content\/uploads\/2023\/04\/95177b06-1da1-4f9a-9909-d2d22c254366.jpg\" alt=\"\" width=\"1200\" height=\"800\" srcset=\"https:\/\/enconecte.com\/wp-content\/uploads\/2023\/04\/95177b06-1da1-4f9a-9909-d2d22c254366.jpg 1200w, https:\/\/enconecte.com\/wp-content\/uploads\/2023\/04\/95177b06-1da1-4f9a-9909-d2d22c254366-300x200.jpg 300w, https:\/\/enconecte.com\/wp-content\/uploads\/2023\/04\/95177b06-1da1-4f9a-9909-d2d22c254366-1024x683.jpg 1024w, https:\/\/enconecte.com\/wp-content\/uploads\/2023\/04\/95177b06-1da1-4f9a-9909-d2d22c254366-768x512.jpg 768w, https:\/\/enconecte.com\/wp-content\/uploads\/2023\/04\/95177b06-1da1-4f9a-9909-d2d22c254366-150x100.jpg 150w, https:\/\/enconecte.com\/wp-content\/uploads\/2023\/04\/95177b06-1da1-4f9a-9909-d2d22c254366-696x464.jpg 696w, https:\/\/enconecte.com\/wp-content\/uploads\/2023\/04\/95177b06-1da1-4f9a-9909-d2d22c254366-1068x712.jpg 1068w, https:\/\/enconecte.com\/wp-content\/uploads\/2023\/04\/95177b06-1da1-4f9a-9909-d2d22c254366-630x420.jpg 630w\" sizes=\"auto, (max-width: 1200px) 100vw, 1200px\" \/><\/p>\n<p>Cincuenta minutos despu\u00e9s de comenzar la cabalgata, se escucharon los primeros estruendos de la quema de Judas. Los charros comenzaron en la esquina de calle Hidalgo y Aurora con los primeros dos monigotes, que fueron girados y arrastrados por el suelo despu\u00e9s de ser lazo. Minutos despu\u00e9s, la actividad se extendi\u00f3 a la calle Francisco Villa en el sector del mercado y luego a otros puntos del centro de la ciudad.<\/p>\n<p>Las bandas, los conjuntos norte\u00f1os, los mariachis, los tamborazos, los grupos wixaricas y otros g\u00e9neros ofrecieron sus servicios en el centro de Jerez. La fiesta y la alegr\u00eda se fueron intensificando con el tiempo. En el foro del festival Jerez Cultura y Tradici\u00f3n, el grupo C\u00f3digo Inicial comenz\u00f3 su espect\u00e1culo programado para este d\u00eda, mientras que decenas de j\u00f3venes bailaban y transmit\u00edan en vivo.<\/p>\n<p>De esta manera se celebr\u00f3 el aut\u00e9ntico S\u00e1bado de Gloria jerezano, un evento que la sociedad, encabezada por el comercio organizado y las autoridades municipales, estuvo decidida a mantener vivo por todo lo que significa para la reactivaci\u00f3n econ\u00f3mica del municipio y por demostrar que la tradici\u00f3n original de Jerez sigue viva.<\/p>\n<p><img loading=\"lazy\" decoding=\"async\" class=\"alignnone size-full wp-image-22073\" src=\"https:\/\/enconecte.com\/wp-content\/uploads\/2023\/04\/4591338a-4e93-4c68-8fda-f100960c1425.jpg\" alt=\"\" width=\"1200\" height=\"800\" srcset=\"https:\/\/enconecte.com\/wp-content\/uploads\/2023\/04\/4591338a-4e93-4c68-8fda-f100960c1425.jpg 1200w, https:\/\/enconecte.com\/wp-content\/uploads\/2023\/04\/4591338a-4e93-4c68-8fda-f100960c1425-300x200.jpg 300w, https:\/\/enconecte.com\/wp-content\/uploads\/2023\/04\/4591338a-4e93-4c68-8fda-f100960c1425-1024x683.jpg 1024w, https:\/\/enconecte.com\/wp-content\/uploads\/2023\/04\/4591338a-4e93-4c68-8fda-f100960c1425-768x512.jpg 768w, https:\/\/enconecte.com\/wp-content\/uploads\/2023\/04\/4591338a-4e93-4c68-8fda-f100960c1425-150x100.jpg 150w, https:\/\/enconecte.com\/wp-content\/uploads\/2023\/04\/4591338a-4e93-4c68-8fda-f100960c1425-696x464.jpg 696w, https:\/\/enconecte.com\/wp-content\/uploads\/2023\/04\/4591338a-4e93-4c68-8fda-f100960c1425-1068x712.jpg 1068w, https:\/\/enconecte.com\/wp-content\/uploads\/2023\/04\/4591338a-4e93-4c68-8fda-f100960c1425-630x420.jpg 630w\" sizes=\"auto, (max-width: 1200px) 100vw, 1200px\" \/><\/p>\n","protected":false},"excerpt":{"rendered":"<p>La sociedad jerezana tom\u00f3 la iniciativa de no dejar morir esta tradici\u00f3n tan importante para la reactivaci\u00f3n econ\u00f3mica del municipio Jerez, Zac.- Con la se\u00f1al del sable de la Polic\u00eda Montada del Estado y las notas de la Marcha de Zacatecas interpretada por una banda jerezana, la cabalgata charra del S\u00e1bado de Gloria 2023 comenz\u00f3 [&hellip;]<\/p>\n","protected":false},"author":9,"featured_media":22074,"comment_status":"closed","ping_status":"closed","sticky":false,"template":"","format":"standard","meta":{"footnotes":""},"categories":[2175,1370],"tags":[],"class_list":["post-22071","post","type-post","status-publish","format-standard","has-post-thumbnail","hentry","category-feria-jerez","category-jerez"],"_links":{"self":[{"href":"https:\/\/enconecte.com\/index.php?rest_route=\/wp\/v2\/posts\/22071","targetHints":{"allow":["GET"]}}],"collection":[{"href":"https:\/\/enconecte.com\/index.php?rest_route=\/wp\/v2\/posts"}],"about":[{"href":"https:\/\/enconecte.com\/index.php?rest_route=\/wp\/v2\/types\/post"}],"author":[{"embeddable":true,"href":"https:\/\/enconecte.com\/index.php?rest_route=\/wp\/v2\/users\/9"}],"replies":[{"embeddable":true,"href":"https:\/\/enconecte.com\/index.php?rest_route=%2Fwp%2Fv2%2Fcomments&post=22071"}],"version-history":[{"count":0,"href":"https:\/\/enconecte.com\/index.php?rest_route=\/wp\/v2\/posts\/22071\/revisions"}],"wp:featuredmedia":[{"embeddable":true,"href":"https:\/\/enconecte.com\/index.php?rest_route=\/wp\/v2\/media\/22074"}],"wp:attachment":[{"href":"https:\/\/enconecte.com\/index.php?rest_route=%2Fwp%2Fv2%2Fmedia&parent=22071"}],"wp:term":[{"taxonomy":"category","embeddable":true,"href":"https:\/\/enconecte.com\/index.php?rest_route=%2Fwp%2Fv2%2Fcategories&post=22071"},{"taxonomy":"post_tag","embeddable":true,"href":"https:\/\/enconecte.com\/index.php?rest_route=%2Fwp%2Fv2%2Ftags&post=22071"}],"curies":[{"name":"wp","href":"https:\/\/api.w.org\/{rel}","templated":true}]}}