{"id":22068,"date":"2023-04-08T19:51:27","date_gmt":"2023-04-09T01:51:27","guid":{"rendered":"https:\/\/enconecte.com\/?p=22068"},"modified":"2023-04-19T19:52:00","modified_gmt":"2023-04-20T01:52:00","slug":"banda-la-gloria-de-jerez-prendio-la-fiesta-en-la-vispera-del-gran-sabado","status":"publish","type":"post","link":"https:\/\/enconecte.com\/?p=22068","title":{"rendered":"BANDA LA GLORIA DE JEREZ PRENDI\u00d3 LA FIESTA EN LA V\u00cdSPERA DEL GRAN S\u00c1BADO"},"content":{"rendered":"<p>Banda La Gloria de Jerez cre\u00f3 un ambiente festivo en la v\u00edspera del S\u00e1bado de Gloria, como parte del programa del Festival Jerez, Cultura y Tradici\u00f3n. Cientos de personas se congregaron en la parte sur del Jard\u00edn Principal y abarrotaron los negocios ubicados en esa zona, donde la popular banda jerezana, formada hace una d\u00e9cada en la poblaci\u00f3n de Ermita de Guadalupe, deleit\u00f3 a los asistentes con su buena m\u00fasica y los hizo bailar.<\/p>\n<p>La agrupaci\u00f3n musical est\u00e1 compuesta por miembros de La Ermita de Guadalupe, Susticac\u00e1n, El Fuerte y Jerez; sus 15 integrantes se dividen en secciones de clarinetes, trompetas, trombones, saxofones y percusiones, adem\u00e1s de contar con dos buenos vocalistas. Demostrando profesionalismo, se entregaron al p\u00fablico con una serie de melod\u00edas de este g\u00e9nero, respondiendo tambi\u00e9n a solicitudes de algunas personas y demostrando su preparaci\u00f3n, calidad interpretativa e incluso algunas coreograf\u00edas. Al final, algunas personas del p\u00fablico subieron al escenario para bailar, lo que reflej\u00f3 el gran ambiente que se vivi\u00f3 en la noche previa a la gran fiesta del S\u00e1bado de Gloria.<\/p>\n<p><img loading=\"lazy\" decoding=\"async\" class=\"alignnone size-full wp-image-22069\" src=\"https:\/\/enconecte.com\/wp-content\/uploads\/2023\/04\/620a3717-405b-4456-933d-8dd44d5d26b5.jpg\" alt=\"\" width=\"1600\" height=\"1060\" srcset=\"https:\/\/enconecte.com\/wp-content\/uploads\/2023\/04\/620a3717-405b-4456-933d-8dd44d5d26b5.jpg 1600w, https:\/\/enconecte.com\/wp-content\/uploads\/2023\/04\/620a3717-405b-4456-933d-8dd44d5d26b5-300x199.jpg 300w, https:\/\/enconecte.com\/wp-content\/uploads\/2023\/04\/620a3717-405b-4456-933d-8dd44d5d26b5-1024x678.jpg 1024w, https:\/\/enconecte.com\/wp-content\/uploads\/2023\/04\/620a3717-405b-4456-933d-8dd44d5d26b5-768x509.jpg 768w, https:\/\/enconecte.com\/wp-content\/uploads\/2023\/04\/620a3717-405b-4456-933d-8dd44d5d26b5-1536x1018.jpg 1536w, https:\/\/enconecte.com\/wp-content\/uploads\/2023\/04\/620a3717-405b-4456-933d-8dd44d5d26b5-150x99.jpg 150w, https:\/\/enconecte.com\/wp-content\/uploads\/2023\/04\/620a3717-405b-4456-933d-8dd44d5d26b5-696x461.jpg 696w, https:\/\/enconecte.com\/wp-content\/uploads\/2023\/04\/620a3717-405b-4456-933d-8dd44d5d26b5-1068x708.jpg 1068w, https:\/\/enconecte.com\/wp-content\/uploads\/2023\/04\/620a3717-405b-4456-933d-8dd44d5d26b5-634x420.jpg 634w\" sizes=\"auto, (max-width: 1600px) 100vw, 1600px\" \/><\/p>\n","protected":false},"excerpt":{"rendered":"<p>Banda La Gloria de Jerez cre\u00f3 un ambiente festivo en la v\u00edspera del S\u00e1bado de Gloria, como parte del programa del Festival Jerez, Cultura y Tradici\u00f3n. Cientos de personas se congregaron en la parte sur del Jard\u00edn Principal y abarrotaron los negocios ubicados en esa zona, donde la popular banda jerezana, formada hace una d\u00e9cada [&hellip;]<\/p>\n","protected":false},"author":9,"featured_media":22070,"comment_status":"closed","ping_status":"closed","sticky":false,"template":"","format":"standard","meta":{"footnotes":""},"categories":[1370],"tags":[],"class_list":["post-22068","post","type-post","status-publish","format-standard","has-post-thumbnail","hentry","category-jerez"],"_links":{"self":[{"href":"https:\/\/enconecte.com\/index.php?rest_route=\/wp\/v2\/posts\/22068","targetHints":{"allow":["GET"]}}],"collection":[{"href":"https:\/\/enconecte.com\/index.php?rest_route=\/wp\/v2\/posts"}],"about":[{"href":"https:\/\/enconecte.com\/index.php?rest_route=\/wp\/v2\/types\/post"}],"author":[{"embeddable":true,"href":"https:\/\/enconecte.com\/index.php?rest_route=\/wp\/v2\/users\/9"}],"replies":[{"embeddable":true,"href":"https:\/\/enconecte.com\/index.php?rest_route=%2Fwp%2Fv2%2Fcomments&post=22068"}],"version-history":[{"count":0,"href":"https:\/\/enconecte.com\/index.php?rest_route=\/wp\/v2\/posts\/22068\/revisions"}],"wp:featuredmedia":[{"embeddable":true,"href":"https:\/\/enconecte.com\/index.php?rest_route=\/wp\/v2\/media\/22070"}],"wp:attachment":[{"href":"https:\/\/enconecte.com\/index.php?rest_route=%2Fwp%2Fv2%2Fmedia&parent=22068"}],"wp:term":[{"taxonomy":"category","embeddable":true,"href":"https:\/\/enconecte.com\/index.php?rest_route=%2Fwp%2Fv2%2Fcategories&post=22068"},{"taxonomy":"post_tag","embeddable":true,"href":"https:\/\/enconecte.com\/index.php?rest_route=%2Fwp%2Fv2%2Ftags&post=22068"}],"curies":[{"name":"wp","href":"https:\/\/api.w.org\/{rel}","templated":true}]}}