{"id":22048,"date":"2023-04-03T19:40:43","date_gmt":"2023-04-04T01:40:43","guid":{"rendered":"https:\/\/enconecte.com\/?p=22048"},"modified":"2023-04-19T19:42:43","modified_gmt":"2023-04-20T01:42:43","slug":"la-direccion-de-obras-y-servicios-publicos-trabaja-sin-descanso-para-mejorar-jerez","status":"publish","type":"post","link":"https:\/\/enconecte.com\/?p=22048","title":{"rendered":"LA DIRECCI\u00d3N DE OBRAS Y SERVICIOS P\u00daBLICOS TRABAJA SIN DESCANSO PARA MEJORAR JEREZ"},"content":{"rendered":"<ul>\n<li>Obras P\u00fablicas de Jerez no descansa con rehabilitaci\u00f3n, mejora y dignificaci\u00f3n de vialidades, infraestructura educativa y espacio p\u00fablico<\/li>\n<\/ul>\n<p>Jerez,Zac.- El H. Ayuntamiento de Jerez, encabezado por el alcalde Jos\u00e9 Humberto Salazar Contreras, contin\u00faa trabajando en la dignificaci\u00f3n y mejoramiento del espacio p\u00fablico para que tanto los jerezanos como los visitantes puedan disfrutar de \u00e1reas recreativas y de esparcimiento de calidad.<\/p>\n<p>En este sentido, la direcci\u00f3n de Obras y Servicios P\u00fablicos llev\u00f3 a cabo la inauguraci\u00f3n oficial del \u00e1rea oriente de la Alameda Francisco Garc\u00eda Salinas, con la presencia de un nutrido grupo de funcionarios y encabezado por el alcalde Salazar Contreras.<\/p>\n<p>La obra estuvo a cargo del Arquitecto Alfredo Mar\u00edn Luna y const\u00f3 de la rehabilitaci\u00f3n de luminarias, \u00e1rea de juegos, colocaci\u00f3n de palapas con mesas y bancos, asadores, la instalaci\u00f3n de pasto, iluminaci\u00f3n esc\u00e9nica, andadores que conectan las diferentes \u00e1reas, la modernizaci\u00f3n de los sanitarios, un sistema de riego inteligente y las adecuaciones correspondientes para las personas con discapacidad, elementos fundamentales para un gobierno incluyente.<\/p>\n<p>Asimismo, el ayuntamiento de Jerez puso fin a la vieja problem\u00e1tica de la calle D\u00e1maso Mu\u00f1et\u00f3n, que por a\u00f1os enfrentaron maestros, alumnos, padres de familia y docentes que acuden cotidianamente a la Escuela Secundaria Constituyentes de 1917. La pavimentaci\u00f3n de la calle fue una de las acciones emprendidas por el gobierno municipal para mejorar las condiciones de acceso a la educaci\u00f3n.<\/p>\n<p>De igual manera, el alcalde Salazar Contreras hizo entrega de los nuevos sanitarios a la comunidad escolar de la Escuela Preparatoria Estatal Francisco Garc\u00eda Salinas, proyecto realizado con recursos del gobierno municipal a trav\u00e9s de la Direcci\u00f3n de Obras y Servicios P\u00fablicos, en un acto simb\u00f3lico de corte de list\u00f3n inaugural.<\/p>\n<p>Con estas acciones, el ayuntamiento de Jerez reafirma su compromiso con la ciudadan\u00eda en el mejoramiento de la infraestructura p\u00fablica para el beneficio de la comunidad y el impulso del desarrollo del municipio.<\/p>\n","protected":false},"excerpt":{"rendered":"<p>Obras P\u00fablicas de Jerez no descansa con rehabilitaci\u00f3n, mejora y dignificaci\u00f3n de vialidades, infraestructura educativa y espacio p\u00fablico Jerez,Zac.- El H. Ayuntamiento de Jerez, encabezado por el alcalde Jos\u00e9 Humberto Salazar Contreras, contin\u00faa trabajando en la dignificaci\u00f3n y mejoramiento del espacio p\u00fablico para que tanto los jerezanos como los visitantes puedan disfrutar de \u00e1reas recreativas [&hellip;]<\/p>\n","protected":false},"author":9,"featured_media":22049,"comment_status":"closed","ping_status":"closed","sticky":false,"template":"","format":"standard","meta":{"footnotes":""},"categories":[1370],"tags":[],"class_list":["post-22048","post","type-post","status-publish","format-standard","has-post-thumbnail","hentry","category-jerez"],"_links":{"self":[{"href":"https:\/\/enconecte.com\/index.php?rest_route=\/wp\/v2\/posts\/22048","targetHints":{"allow":["GET"]}}],"collection":[{"href":"https:\/\/enconecte.com\/index.php?rest_route=\/wp\/v2\/posts"}],"about":[{"href":"https:\/\/enconecte.com\/index.php?rest_route=\/wp\/v2\/types\/post"}],"author":[{"embeddable":true,"href":"https:\/\/enconecte.com\/index.php?rest_route=\/wp\/v2\/users\/9"}],"replies":[{"embeddable":true,"href":"https:\/\/enconecte.com\/index.php?rest_route=%2Fwp%2Fv2%2Fcomments&post=22048"}],"version-history":[{"count":0,"href":"https:\/\/enconecte.com\/index.php?rest_route=\/wp\/v2\/posts\/22048\/revisions"}],"wp:featuredmedia":[{"embeddable":true,"href":"https:\/\/enconecte.com\/index.php?rest_route=\/wp\/v2\/media\/22049"}],"wp:attachment":[{"href":"https:\/\/enconecte.com\/index.php?rest_route=%2Fwp%2Fv2%2Fmedia&parent=22048"}],"wp:term":[{"taxonomy":"category","embeddable":true,"href":"https:\/\/enconecte.com\/index.php?rest_route=%2Fwp%2Fv2%2Fcategories&post=22048"},{"taxonomy":"post_tag","embeddable":true,"href":"https:\/\/enconecte.com\/index.php?rest_route=%2Fwp%2Fv2%2Ftags&post=22048"}],"curies":[{"name":"wp","href":"https:\/\/api.w.org\/{rel}","templated":true}]}}