{"id":22045,"date":"2023-04-02T19:39:01","date_gmt":"2023-04-03T01:39:01","guid":{"rendered":"https:\/\/enconecte.com\/?p=22045"},"modified":"2023-04-19T19:40:15","modified_gmt":"2023-04-20T01:40:15","slug":"se-inaugura-el-programa-deportivo-del-festival-jerez-cultura-y-tradicion-con-la-tercera-fecha-mtb-circuito-estatal-mtb-categoria-varonil-y-femenil","status":"publish","type":"post","link":"https:\/\/enconecte.com\/?p=22045","title":{"rendered":"SE INAUGURA EL PROGRAMA DEPORTIVO DEL FESTIVAL JEREZ CULTURA Y TRADICI\u00d3N CON LA TERCERA FECHA MTB CIRCUITO ESTATAL MTB CATEGOR\u00cdA VARONIL Y FEMENIL"},"content":{"rendered":"<p>El d\u00eda de hoy, se realiz\u00f3 la tercera Fecha del MTB Circuito Estatal MTB, en las categor\u00edas varonil y femenil, desde diversos lugares del estado de Zacatecas. Este evento tuvo lugar en el marco del Festival Jerez Cultura y Tradici\u00f3n, y fue inaugurado por el alcalde Humberto Salazar Contreras en la pista El Ni\u00f1o Jes\u00fas.<\/p>\n<p>Este programa deportivo reuni\u00f3 a ciclistas de todo el estado, quienes compitieron en esta emocionante carrera de mountain bike. Tanto los participantes como los espectadores disfrutaron de una gran experiencia, en un ambiente de deporte y competici\u00f3n sana.<\/p>\n<p>La tercera Fecha del MTB Circuito Estatal MTB Categor\u00eda Varonil y Femenil fue una oportunidad para que los ciclistas demostraran su habilidad y destreza en presencia del coordinador municipal del Deporte Armando Qui\u00f1ones, David Josafat de la Torre Pinedo, director de Desarrollo Econ\u00f3mico y Social, as\u00ed como el regidor comisionado a Juventud y Deporte Luis Mario Mart\u00ednez Aparicio.<\/p>\n<p><img loading=\"lazy\" decoding=\"async\" class=\"alignnone size-full wp-image-22046\" src=\"https:\/\/enconecte.com\/wp-content\/uploads\/2023\/04\/cdd40211-25f7-4816-be1f-904577dcc380.jpg\" alt=\"\" width=\"1599\" height=\"1200\" srcset=\"https:\/\/enconecte.com\/wp-content\/uploads\/2023\/04\/cdd40211-25f7-4816-be1f-904577dcc380.jpg 1599w, https:\/\/enconecte.com\/wp-content\/uploads\/2023\/04\/cdd40211-25f7-4816-be1f-904577dcc380-300x225.jpg 300w, https:\/\/enconecte.com\/wp-content\/uploads\/2023\/04\/cdd40211-25f7-4816-be1f-904577dcc380-1024x768.jpg 1024w, https:\/\/enconecte.com\/wp-content\/uploads\/2023\/04\/cdd40211-25f7-4816-be1f-904577dcc380-768x576.jpg 768w, https:\/\/enconecte.com\/wp-content\/uploads\/2023\/04\/cdd40211-25f7-4816-be1f-904577dcc380-1536x1153.jpg 1536w, https:\/\/enconecte.com\/wp-content\/uploads\/2023\/04\/cdd40211-25f7-4816-be1f-904577dcc380-150x113.jpg 150w, https:\/\/enconecte.com\/wp-content\/uploads\/2023\/04\/cdd40211-25f7-4816-be1f-904577dcc380-696x522.jpg 696w, https:\/\/enconecte.com\/wp-content\/uploads\/2023\/04\/cdd40211-25f7-4816-be1f-904577dcc380-1068x802.jpg 1068w, https:\/\/enconecte.com\/wp-content\/uploads\/2023\/04\/cdd40211-25f7-4816-be1f-904577dcc380-560x420.jpg 560w, https:\/\/enconecte.com\/wp-content\/uploads\/2023\/04\/cdd40211-25f7-4816-be1f-904577dcc380-80x60.jpg 80w, https:\/\/enconecte.com\/wp-content\/uploads\/2023\/04\/cdd40211-25f7-4816-be1f-904577dcc380-265x198.jpg 265w\" sizes=\"auto, (max-width: 1599px) 100vw, 1599px\" \/><\/p>\n","protected":false},"excerpt":{"rendered":"<p>El d\u00eda de hoy, se realiz\u00f3 la tercera Fecha del MTB Circuito Estatal MTB, en las categor\u00edas varonil y femenil, desde diversos lugares del estado de Zacatecas. Este evento tuvo lugar en el marco del Festival Jerez Cultura y Tradici\u00f3n, y fue inaugurado por el alcalde Humberto Salazar Contreras en la pista El Ni\u00f1o Jes\u00fas. [&hellip;]<\/p>\n","protected":false},"author":9,"featured_media":22047,"comment_status":"closed","ping_status":"closed","sticky":false,"template":"","format":"standard","meta":{"footnotes":""},"categories":[1370],"tags":[],"class_list":["post-22045","post","type-post","status-publish","format-standard","has-post-thumbnail","hentry","category-jerez"],"_links":{"self":[{"href":"https:\/\/enconecte.com\/index.php?rest_route=\/wp\/v2\/posts\/22045","targetHints":{"allow":["GET"]}}],"collection":[{"href":"https:\/\/enconecte.com\/index.php?rest_route=\/wp\/v2\/posts"}],"about":[{"href":"https:\/\/enconecte.com\/index.php?rest_route=\/wp\/v2\/types\/post"}],"author":[{"embeddable":true,"href":"https:\/\/enconecte.com\/index.php?rest_route=\/wp\/v2\/users\/9"}],"replies":[{"embeddable":true,"href":"https:\/\/enconecte.com\/index.php?rest_route=%2Fwp%2Fv2%2Fcomments&post=22045"}],"version-history":[{"count":0,"href":"https:\/\/enconecte.com\/index.php?rest_route=\/wp\/v2\/posts\/22045\/revisions"}],"wp:featuredmedia":[{"embeddable":true,"href":"https:\/\/enconecte.com\/index.php?rest_route=\/wp\/v2\/media\/22047"}],"wp:attachment":[{"href":"https:\/\/enconecte.com\/index.php?rest_route=%2Fwp%2Fv2%2Fmedia&parent=22045"}],"wp:term":[{"taxonomy":"category","embeddable":true,"href":"https:\/\/enconecte.com\/index.php?rest_route=%2Fwp%2Fv2%2Fcategories&post=22045"},{"taxonomy":"post_tag","embeddable":true,"href":"https:\/\/enconecte.com\/index.php?rest_route=%2Fwp%2Fv2%2Ftags&post=22045"}],"curies":[{"name":"wp","href":"https:\/\/api.w.org\/{rel}","templated":true}]}}