{"id":22034,"date":"2023-03-30T19:29:27","date_gmt":"2023-03-31T01:29:27","guid":{"rendered":"https:\/\/enconecte.com\/?p=22034"},"modified":"2023-04-19T19:30:48","modified_gmt":"2023-04-20T01:30:48","slug":"conmemora-dif-jerez-dia-mundial-de-la-silla-de-ruedas","status":"publish","type":"post","link":"https:\/\/enconecte.com\/?p=22034","title":{"rendered":"CONMEMORA DIF JEREZ D\u00cdA MUNDIAL DE LA SILLA DE RUEDAS"},"content":{"rendered":"<p>En el marco de la pr\u00f3xima conmemoraci\u00f3n del D\u00eda Mundial de la Silla de Ruedas, el DIF de Jerez y el alcalde Jos\u00e9 Humberto Salazar Contreras, encabezaron una serie de actividades para concientizar a la poblaci\u00f3n sobre el uso del aparato y el impacto que tiene en las vidas de sus usuarios, adem\u00e1s de la importancia de lograr una sociedad incluyente.<\/p>\n<p>El presidente municipal\u00a0 expres\u00f3 que la mejor forma de entender a quienes usan una silla de ruedas es \u201cponernos en sus zapatos\u201d, confirmando que su gobierno y el DIF buscan crear condiciones y conciencia sobre el tema, pero s\u00f3lo ser\u00e1 posible con el trabajo en equipo con la ciudadan\u00eda ya que \u201csi todo mundo ponemos nuestro granito de arena, vamos a lograr que tengan una mejor calidad de vida y una movilidad m\u00e1s integral en la sociedad\u201d manifest\u00f3.<\/p>\n<p>La presidenta honor\u00edfica del DIF Jerez, Bertha Alicia Garc\u00eda Duarte, se\u00f1al\u00f3 que para elevar el grado de sensibilidad, conocimiento y concientizaci\u00f3n de la ciudadan\u00eda sobre la igualdad de oportunidades para las personas con discapacidad, se debe insistir con acciones, estrategias y programas\u00a0 que sean emprendidos desde el trabajo unido entre gobierno y poblaci\u00f3n, reiter\u00f3.<\/p>\n<p>La directora del Sistema, Jessica Cuevas Cuevas, coincidi\u00f3 en la necesidad de buscar en todo momento una sociedad incluyente, por lo que reafirm\u00f3 que el DIF y el gobierno de Salazar Contreras, continuar\u00e1n haciendo eco a trav\u00e9s de distintas acciones y actividades que lleven a la reflexi\u00f3n sobre el tema.<\/p>\n<p>De esta forma se inaugur\u00f3 un huerto familiar para usuarios del Centro de Rehabilitaci\u00f3n Infantil y Juvenil de Jerez (CRIJJ),dirigido por la nutri\u00f3loga Alejandra Carrillo Casas, siendo testigos del acto la regidora Martha Gabriela Salazar Delgado, el titular de la Jefatura de Inclusi\u00f3n del SMDIF, Jos\u00e9 Romero S\u00e1nchez, y la docente de la UAZ Jerez, Elizabeth Gamboa.<\/p>\n<p>Tambi\u00e9n se efectu\u00f3 la conferencia \u201cPonte en mi lugar\u201d a cargo de la psic\u00f3loga Adriana de la Torre Berm\u00fadez, y el enlace municipal de Inclusi\u00f3n, Ricardo de Luna Delgado, en la que resaltaron la necesidad de respeto, empat\u00eda y visibilidad de las personas en silla de ruedas al ser una condici\u00f3n de la que nadie est\u00e1 exento pues adem\u00e1s de la causa gen\u00e9tica, existen la accidental, por enfermedad y por senectud.<\/p>\n<p>Por \u00faltimo y teniendo como invitados y portavoces a estudiantes de la preparatoria de la UAZ,\u00a0\u00a0 se realiz\u00f3 el Ralling de concientizaci\u00f3n \u201cPonte en mi lugar\u201d en el que los asistentes participaron e interactuaron por medio de din\u00e1micas de uso de sillas de ruedas, a manera de conocer el sentir de las personas que las utilizan d\u00eda a d\u00eda.<\/p>\n","protected":false},"excerpt":{"rendered":"<p>En el marco de la pr\u00f3xima conmemoraci\u00f3n del D\u00eda Mundial de la Silla de Ruedas, el DIF de Jerez y el alcalde Jos\u00e9 Humberto Salazar Contreras, encabezaron una serie de actividades para concientizar a la poblaci\u00f3n sobre el uso del aparato y el impacto que tiene en las vidas de sus usuarios, adem\u00e1s de la [&hellip;]<\/p>\n","protected":false},"author":9,"featured_media":22035,"comment_status":"closed","ping_status":"closed","sticky":false,"template":"","format":"standard","meta":{"footnotes":""},"categories":[1370],"tags":[],"class_list":["post-22034","post","type-post","status-publish","format-standard","has-post-thumbnail","hentry","category-jerez"],"_links":{"self":[{"href":"https:\/\/enconecte.com\/index.php?rest_route=\/wp\/v2\/posts\/22034","targetHints":{"allow":["GET"]}}],"collection":[{"href":"https:\/\/enconecte.com\/index.php?rest_route=\/wp\/v2\/posts"}],"about":[{"href":"https:\/\/enconecte.com\/index.php?rest_route=\/wp\/v2\/types\/post"}],"author":[{"embeddable":true,"href":"https:\/\/enconecte.com\/index.php?rest_route=\/wp\/v2\/users\/9"}],"replies":[{"embeddable":true,"href":"https:\/\/enconecte.com\/index.php?rest_route=%2Fwp%2Fv2%2Fcomments&post=22034"}],"version-history":[{"count":0,"href":"https:\/\/enconecte.com\/index.php?rest_route=\/wp\/v2\/posts\/22034\/revisions"}],"wp:featuredmedia":[{"embeddable":true,"href":"https:\/\/enconecte.com\/index.php?rest_route=\/wp\/v2\/media\/22035"}],"wp:attachment":[{"href":"https:\/\/enconecte.com\/index.php?rest_route=%2Fwp%2Fv2%2Fmedia&parent=22034"}],"wp:term":[{"taxonomy":"category","embeddable":true,"href":"https:\/\/enconecte.com\/index.php?rest_route=%2Fwp%2Fv2%2Fcategories&post=22034"},{"taxonomy":"post_tag","embeddable":true,"href":"https:\/\/enconecte.com\/index.php?rest_route=%2Fwp%2Fv2%2Ftags&post=22034"}],"curies":[{"name":"wp","href":"https:\/\/api.w.org\/{rel}","templated":true}]}}