{"id":22031,"date":"2023-03-29T19:27:52","date_gmt":"2023-03-30T01:27:52","guid":{"rendered":"https:\/\/enconecte.com\/?p=22031"},"modified":"2023-04-19T19:28:57","modified_gmt":"2023-04-20T01:28:57","slug":"ayuntamiento-y-dif-jerez-se-acercan-a-la-comunidad-ermita-de-los-correa","status":"publish","type":"post","link":"https:\/\/enconecte.com\/?p=22031","title":{"rendered":"AYUNTAMIENTO Y DIF JEREZ SE ACERCAN A LA COMUNIDAD ERMITA DE LOS CORREA"},"content":{"rendered":"<p>A trav\u00e9s de las las Brigadas DIF Somos, el gobierno municipal que dirige el alcalde Jos\u00e9 Humberto Salazar Contreras, contin\u00faa con acciones de empat\u00eda y cercan\u00eda hacia las comunidades vulnerables y desplazadas como Ermita de los Correa.<\/p>\n<p>En la localidad en la que tambi\u00e9n se dieron cita habitantes de Ermita de Los Murillo, se llevaron servicios p\u00fablicos y asistenciales adem\u00e1s de hacerles entrega de despensas extraordinarias a 100 familias.<\/p>\n<p>Ah\u00ed el mandatario destac\u00f3 la compleja situaci\u00f3n de inseguridad que afect\u00f3 a la zona rural, para la cual se consiguieron instalar con trabajo unido de los tres niveles de gobierno, bases de seguridad que han resultado en mayor tranquilidad y retorno de lugare\u00f1os.<\/p>\n<p>Se\u00f1al\u00f3 en presencia del delegado de la comunidad, J. Cruz del Villar F\u00e9lix, que la falta de solvencia econ\u00f3mica por la que atraviesan los municipios tambi\u00e9n ha sido otro factor para impedir que se logre el progreso de Jerez, sin embargo con tes\u00f3n e ingenio pr\u00f3ximamente se estar\u00e1n visualizando muchos proyectos, mientras\u00a0 la cercan\u00eda y empat\u00eda con la poblaci\u00f3n se mantiene por medio de las Brigadas DIF Somos Todos.<\/p>\n<p>La presidenta honor\u00edfica del DIF Jerez, Bertha Alicia Garc\u00eda Duarte, en compa\u00f1\u00eda de la directora Jessica Cuevas Cuevas, reiter\u00f3 que Salazar Contreras est\u00e1 cumpliendo el compromiso de volver a las comunidades m\u00e1s vulneradas y acerc\u00e1ndoles los servicios que se brindan en el DIF y el Ayuntamiento d\u00eda a d\u00eda, por lo que invit\u00f3 a los asistentes a acudir los m\u00f3dulos que asever\u00f3 &#8220;est\u00e1n para apoyarlos y recibir sus peticiones, d\u00e9jenos conocer sus necesidades a trav\u00e9s de ellos&#8221;.<\/p>\n<p><img loading=\"lazy\" decoding=\"async\" class=\"alignnone size-full wp-image-22032\" src=\"https:\/\/enconecte.com\/wp-content\/uploads\/2023\/04\/64ea6eee-67fb-4658-ba6b-15488a6b3e7f.jpg\" alt=\"\" width=\"1600\" height=\"1066\" srcset=\"https:\/\/enconecte.com\/wp-content\/uploads\/2023\/04\/64ea6eee-67fb-4658-ba6b-15488a6b3e7f.jpg 1600w, https:\/\/enconecte.com\/wp-content\/uploads\/2023\/04\/64ea6eee-67fb-4658-ba6b-15488a6b3e7f-300x200.jpg 300w, https:\/\/enconecte.com\/wp-content\/uploads\/2023\/04\/64ea6eee-67fb-4658-ba6b-15488a6b3e7f-1024x682.jpg 1024w, https:\/\/enconecte.com\/wp-content\/uploads\/2023\/04\/64ea6eee-67fb-4658-ba6b-15488a6b3e7f-768x512.jpg 768w, https:\/\/enconecte.com\/wp-content\/uploads\/2023\/04\/64ea6eee-67fb-4658-ba6b-15488a6b3e7f-1536x1023.jpg 1536w, https:\/\/enconecte.com\/wp-content\/uploads\/2023\/04\/64ea6eee-67fb-4658-ba6b-15488a6b3e7f-150x100.jpg 150w, https:\/\/enconecte.com\/wp-content\/uploads\/2023\/04\/64ea6eee-67fb-4658-ba6b-15488a6b3e7f-696x464.jpg 696w, https:\/\/enconecte.com\/wp-content\/uploads\/2023\/04\/64ea6eee-67fb-4658-ba6b-15488a6b3e7f-1068x712.jpg 1068w, https:\/\/enconecte.com\/wp-content\/uploads\/2023\/04\/64ea6eee-67fb-4658-ba6b-15488a6b3e7f-630x420.jpg 630w\" sizes=\"auto, (max-width: 1600px) 100vw, 1600px\" \/><\/p>\n<p>De esta forma se les ofreci\u00f3 atenci\u00f3n gratuita en Medicina general, Psicolog\u00eda, Odontolog\u00eda, Nutrici\u00f3n, Procuradur\u00eda, Discapacidad, Trabajo infantil y Programas alimentarios.<\/p>\n<p>A su vez se les brindaron opciones de ahorro en el hogar y emprendimiento comercial, a trav\u00e9s de los talleres de Elaboraci\u00f3n de alimentos nutritivos, y Tecnolog\u00edas dom\u00e9sticas, adem\u00e1s de cortes de cabello.<\/p>\n<p>Para dar una atenci\u00f3n m\u00e1s integral, nuevamente se sumaron las direcciones y coordinaciones de SIMAPAJ, Desarrollo Econ\u00f3mico y Social, Obras P\u00fablicas, Seguridad Municipal,\u00a0 Educaci\u00f3n Municipal, Atenci\u00f3n Ciudadana y Protecci\u00f3n Civil.<\/p>\n","protected":false},"excerpt":{"rendered":"<p>A trav\u00e9s de las las Brigadas DIF Somos, el gobierno municipal que dirige el alcalde Jos\u00e9 Humberto Salazar Contreras, contin\u00faa con acciones de empat\u00eda y cercan\u00eda hacia las comunidades vulnerables y desplazadas como Ermita de los Correa. En la localidad en la que tambi\u00e9n se dieron cita habitantes de Ermita de Los Murillo, se llevaron [&hellip;]<\/p>\n","protected":false},"author":9,"featured_media":22033,"comment_status":"closed","ping_status":"closed","sticky":false,"template":"","format":"standard","meta":{"footnotes":""},"categories":[1370],"tags":[],"class_list":["post-22031","post","type-post","status-publish","format-standard","has-post-thumbnail","hentry","category-jerez"],"_links":{"self":[{"href":"https:\/\/enconecte.com\/index.php?rest_route=\/wp\/v2\/posts\/22031","targetHints":{"allow":["GET"]}}],"collection":[{"href":"https:\/\/enconecte.com\/index.php?rest_route=\/wp\/v2\/posts"}],"about":[{"href":"https:\/\/enconecte.com\/index.php?rest_route=\/wp\/v2\/types\/post"}],"author":[{"embeddable":true,"href":"https:\/\/enconecte.com\/index.php?rest_route=\/wp\/v2\/users\/9"}],"replies":[{"embeddable":true,"href":"https:\/\/enconecte.com\/index.php?rest_route=%2Fwp%2Fv2%2Fcomments&post=22031"}],"version-history":[{"count":0,"href":"https:\/\/enconecte.com\/index.php?rest_route=\/wp\/v2\/posts\/22031\/revisions"}],"wp:featuredmedia":[{"embeddable":true,"href":"https:\/\/enconecte.com\/index.php?rest_route=\/wp\/v2\/media\/22033"}],"wp:attachment":[{"href":"https:\/\/enconecte.com\/index.php?rest_route=%2Fwp%2Fv2%2Fmedia&parent=22031"}],"wp:term":[{"taxonomy":"category","embeddable":true,"href":"https:\/\/enconecte.com\/index.php?rest_route=%2Fwp%2Fv2%2Fcategories&post=22031"},{"taxonomy":"post_tag","embeddable":true,"href":"https:\/\/enconecte.com\/index.php?rest_route=%2Fwp%2Fv2%2Ftags&post=22031"}],"curies":[{"name":"wp","href":"https:\/\/api.w.org\/{rel}","templated":true}]}}