{"id":22027,"date":"2023-03-29T19:23:52","date_gmt":"2023-03-30T01:23:52","guid":{"rendered":"https:\/\/enconecte.com\/?p=22027"},"modified":"2023-04-19T19:26:32","modified_gmt":"2023-04-20T01:26:32","slug":"entrego-el-doctor-salazar-nuevos-sanitarios-a-la-preparatoria-francisco-garcia-salinas","status":"publish","type":"post","link":"https:\/\/enconecte.com\/?p=22027","title":{"rendered":"ENTREG\u00d3 EL DOCTOR SALAZAR NUEVOS SANITARIOS A LA PREPARATORIA FRANCISCO GARC\u00cdA SALINAS"},"content":{"rendered":"<ul>\n<li>El director Nicol\u00e1s Esquivel Mu\u00f1oz agradeci\u00f3 al alcalde el r\u00e1pido cumplimiento de su compromiso, en respuesta a una necesidad urgente<\/li>\n<\/ul>\n<p>Jerez, Zac.- Con el corte simb\u00f3lico de list\u00f3n inaugural, el alcalde Jos\u00e9 Humberto Salazar Contreras hizo entrega de los nuevos sanitarios a la comunidad escolar de la Escuela Preparatoria Estatal Francisco Garc\u00eda Salinas, proyecto realizado con recursos del gobierno municipal a trav\u00e9s de la Direcci\u00f3n de Obras y Servicios P\u00fablicos.<\/p>\n<p>Durante el acto protocolario, en el que estuvo acompa\u00f1ado por el director de la instituci\u00f3n Nicol\u00e1s Esquivel Mu\u00f1oz, el presidente destac\u00f3 la importancia de que los estudiantes cuenten con un lugar digno donde desarrollarse para su formaci\u00f3n, de ah\u00ed la relevancia en la contribuci\u00f3n del gobierno municipal, para que haya mejores condiciones en todos los sentidos.<\/p>\n<p>Durante el acto que presidieron tambi\u00e9n el regidor Luis Mario Mart\u00ednez Aparicio y los directores de Obras y Servicios P\u00fablicos, Alfredo Mar\u00edn Luna, de Desarrollo Econ\u00f3mico y Social David Josafat de la Torre Pinedo y del Sistema Municipal de Agua Potable y Alcantarillado de Jerez (SIMAPAJ), Marco Antonio Valenzuela Esquivel, el director del plantel agradeci\u00f3 al presidente, el cumplimiento de un compromiso adquirido en una visita a la instituci\u00f3n y que ya es una realidad.<\/p>\n<p><img loading=\"lazy\" decoding=\"async\" class=\"alignnone size-full wp-image-22030\" src=\"https:\/\/enconecte.com\/wp-content\/uploads\/2023\/04\/dd5335e5-a54d-4acf-a701-3245a6cbf8aa.jpg\" alt=\"\" width=\"1280\" height=\"853\" srcset=\"https:\/\/enconecte.com\/wp-content\/uploads\/2023\/04\/dd5335e5-a54d-4acf-a701-3245a6cbf8aa.jpg 1280w, https:\/\/enconecte.com\/wp-content\/uploads\/2023\/04\/dd5335e5-a54d-4acf-a701-3245a6cbf8aa-300x200.jpg 300w, https:\/\/enconecte.com\/wp-content\/uploads\/2023\/04\/dd5335e5-a54d-4acf-a701-3245a6cbf8aa-1024x682.jpg 1024w, https:\/\/enconecte.com\/wp-content\/uploads\/2023\/04\/dd5335e5-a54d-4acf-a701-3245a6cbf8aa-768x512.jpg 768w, https:\/\/enconecte.com\/wp-content\/uploads\/2023\/04\/dd5335e5-a54d-4acf-a701-3245a6cbf8aa-150x100.jpg 150w, https:\/\/enconecte.com\/wp-content\/uploads\/2023\/04\/dd5335e5-a54d-4acf-a701-3245a6cbf8aa-696x464.jpg 696w, https:\/\/enconecte.com\/wp-content\/uploads\/2023\/04\/dd5335e5-a54d-4acf-a701-3245a6cbf8aa-1068x712.jpg 1068w, https:\/\/enconecte.com\/wp-content\/uploads\/2023\/04\/dd5335e5-a54d-4acf-a701-3245a6cbf8aa-630x420.jpg 630w\" sizes=\"auto, (max-width: 1280px) 100vw, 1280px\" \/><\/p>\n<p>Afirm\u00f3 que la Preparatoria Francisco Garc\u00eda Salinas, desde hace m\u00e1s de 30 a\u00f1os, mantiene una poblaci\u00f3n que oscila entre los 600 alumnos y pr\u00e1cticamente siempre hab\u00eda contado con los mismos sanitarios que ya eran insuficientes, por lo que se consider\u00f3 una necesidad urgente.<\/p>\n<p>Por su parte, Alfredo Mar\u00edn Luna explic\u00f3 que la obra consisti\u00f3 en construcci\u00f3n de dos m\u00f3dulos, el primero para mujeres, con cuatro espacios, uno de ellos apropiado para personas con discapacidad; el otro para hombres, con tres sanitarios, igualmente con uno especial para personas con discapacidad; este adem\u00e1s dispone de mingitorios y en ambos casos tienen sus respectivos lavabos.<\/p>\n<p>Atestiguaron el evento, el supervisor de la tercera zona escolar Sergio Medina Valdez, la coordinadora municipal de educaci\u00f3n Mar\u00eda Esther Ibarra Guzm\u00e1n, Miguel \u00c1ngel N\u00fa\u00f1ez Dur\u00e1n de la empresa constructora, as\u00ed como docentes, alumnos y personal de apoyo, de la escuela formadora de bachilleres.<\/p>\n","protected":false},"excerpt":{"rendered":"<p>El director Nicol\u00e1s Esquivel Mu\u00f1oz agradeci\u00f3 al alcalde el r\u00e1pido cumplimiento de su compromiso, en respuesta a una necesidad urgente Jerez, Zac.- Con el corte simb\u00f3lico de list\u00f3n inaugural, el alcalde Jos\u00e9 Humberto Salazar Contreras hizo entrega de los nuevos sanitarios a la comunidad escolar de la Escuela Preparatoria Estatal Francisco Garc\u00eda Salinas, proyecto realizado [&hellip;]<\/p>\n","protected":false},"author":9,"featured_media":22029,"comment_status":"closed","ping_status":"closed","sticky":false,"template":"","format":"standard","meta":{"footnotes":""},"categories":[1370],"tags":[],"class_list":["post-22027","post","type-post","status-publish","format-standard","has-post-thumbnail","hentry","category-jerez"],"_links":{"self":[{"href":"https:\/\/enconecte.com\/index.php?rest_route=\/wp\/v2\/posts\/22027","targetHints":{"allow":["GET"]}}],"collection":[{"href":"https:\/\/enconecte.com\/index.php?rest_route=\/wp\/v2\/posts"}],"about":[{"href":"https:\/\/enconecte.com\/index.php?rest_route=\/wp\/v2\/types\/post"}],"author":[{"embeddable":true,"href":"https:\/\/enconecte.com\/index.php?rest_route=\/wp\/v2\/users\/9"}],"replies":[{"embeddable":true,"href":"https:\/\/enconecte.com\/index.php?rest_route=%2Fwp%2Fv2%2Fcomments&post=22027"}],"version-history":[{"count":0,"href":"https:\/\/enconecte.com\/index.php?rest_route=\/wp\/v2\/posts\/22027\/revisions"}],"wp:featuredmedia":[{"embeddable":true,"href":"https:\/\/enconecte.com\/index.php?rest_route=\/wp\/v2\/media\/22029"}],"wp:attachment":[{"href":"https:\/\/enconecte.com\/index.php?rest_route=%2Fwp%2Fv2%2Fmedia&parent=22027"}],"wp:term":[{"taxonomy":"category","embeddable":true,"href":"https:\/\/enconecte.com\/index.php?rest_route=%2Fwp%2Fv2%2Fcategories&post=22027"},{"taxonomy":"post_tag","embeddable":true,"href":"https:\/\/enconecte.com\/index.php?rest_route=%2Fwp%2Fv2%2Ftags&post=22027"}],"curies":[{"name":"wp","href":"https:\/\/api.w.org\/{rel}","templated":true}]}}