{"id":22018,"date":"2023-03-27T21:14:36","date_gmt":"2023-03-28T03:14:36","guid":{"rendered":"https:\/\/enconecte.com\/?p=22018"},"modified":"2023-03-27T21:14:36","modified_gmt":"2023-03-28T03:14:36","slug":"designo-el-cabildo-a-david-yosafat-de-la-torre-pinedo-como-director-de-desarrollo-economico-y-social-de-jerez","status":"publish","type":"post","link":"https:\/\/enconecte.com\/?p=22018","title":{"rendered":"DESIGN\u00d3 EL CABILDO A DAVID YOSAFAT DE LA TORRE PINEDO COMO DIRECTOR DE DESARROLLO ECON\u00d3MICO Y SOCIAL DE JEREZ"},"content":{"rendered":"<p>En una sesi\u00f3n extraordinaria de Cabildo, el Ayuntamiento de Jerez design\u00f3 a David Yosafat de la Torre Pinedo como el nuevo Director de Desarrollo Econ\u00f3mico y Social. Durante la misma sesi\u00f3n, De la Torre Pinedo prest\u00f3 juramento para ocupar formalmente el cargo.<\/p>\n<p>De acuerdo con las facultades otorgadas por la Ley Org\u00e1nica del Municipio, el alcalde Jos\u00e9 Humberto Salazar Contreras present\u00f3 una terna para ocupar la titularidad del \u00e1rea, la cual fue complementada por los profesionales Sergio Ram\u00edrez de la Torre y Gustavo Barajas Garay.<\/p>\n<p>Despu\u00e9s de que el cuerpo colegiado determin\u00f3 un receso para analizar a fondo los perfiles presentados, el proceso continu\u00f3 el lunes y se someti\u00f3 la propuesta a votaci\u00f3n, que se dio por mayor\u00eda a favor de David Josafat de la Torre Pinedo.<\/p>\n<p>El nuevo director es licenciado en derecho y durante los primeros 18 meses de la actual administraci\u00f3n, ocup\u00f3 el cargo de Coordinador de Atenci\u00f3n Ciudadana y Gesti\u00f3n Social, en el que entreg\u00f3 buenos resultados al dar soluci\u00f3n a cientos de solicitudes de apoyo presentadas por la poblaci\u00f3n en diversos rubros.<\/p>\n","protected":false},"excerpt":{"rendered":"<p>En una sesi\u00f3n extraordinaria de Cabildo, el Ayuntamiento de Jerez design\u00f3 a David Yosafat de la Torre Pinedo como el nuevo Director de Desarrollo Econ\u00f3mico y Social. Durante la misma sesi\u00f3n, De la Torre Pinedo prest\u00f3 juramento para ocupar formalmente el cargo. De acuerdo con las facultades otorgadas por la Ley Org\u00e1nica del Municipio, el [&hellip;]<\/p>\n","protected":false},"author":9,"featured_media":22019,"comment_status":"closed","ping_status":"closed","sticky":false,"template":"","format":"standard","meta":{"footnotes":""},"categories":[1370],"tags":[],"class_list":["post-22018","post","type-post","status-publish","format-standard","has-post-thumbnail","hentry","category-jerez"],"_links":{"self":[{"href":"https:\/\/enconecte.com\/index.php?rest_route=\/wp\/v2\/posts\/22018","targetHints":{"allow":["GET"]}}],"collection":[{"href":"https:\/\/enconecte.com\/index.php?rest_route=\/wp\/v2\/posts"}],"about":[{"href":"https:\/\/enconecte.com\/index.php?rest_route=\/wp\/v2\/types\/post"}],"author":[{"embeddable":true,"href":"https:\/\/enconecte.com\/index.php?rest_route=\/wp\/v2\/users\/9"}],"replies":[{"embeddable":true,"href":"https:\/\/enconecte.com\/index.php?rest_route=%2Fwp%2Fv2%2Fcomments&post=22018"}],"version-history":[{"count":0,"href":"https:\/\/enconecte.com\/index.php?rest_route=\/wp\/v2\/posts\/22018\/revisions"}],"wp:featuredmedia":[{"embeddable":true,"href":"https:\/\/enconecte.com\/index.php?rest_route=\/wp\/v2\/media\/22019"}],"wp:attachment":[{"href":"https:\/\/enconecte.com\/index.php?rest_route=%2Fwp%2Fv2%2Fmedia&parent=22018"}],"wp:term":[{"taxonomy":"category","embeddable":true,"href":"https:\/\/enconecte.com\/index.php?rest_route=%2Fwp%2Fv2%2Fcategories&post=22018"},{"taxonomy":"post_tag","embeddable":true,"href":"https:\/\/enconecte.com\/index.php?rest_route=%2Fwp%2Fv2%2Ftags&post=22018"}],"curies":[{"name":"wp","href":"https:\/\/api.w.org\/{rel}","templated":true}]}}