{"id":22012,"date":"2023-03-25T15:58:21","date_gmt":"2023-03-25T21:58:21","guid":{"rendered":"https:\/\/enconecte.com\/?p=22012"},"modified":"2023-03-27T20:59:39","modified_gmt":"2023-03-28T02:59:39","slug":"realizan-carrera-8k-para-conmemorar-el-dia-de-la-mujer-en-jerez","status":"publish","type":"post","link":"https:\/\/enconecte.com\/?p=22012","title":{"rendered":"REALIZAN CARRERA 8K PARA CONMEMORAR EL D\u00cdA DE LA MUJER EN JEREZ"},"content":{"rendered":"<ul>\n<li>Alrededor de 40 corredores se dieron cita para realizar la carrera conmemorativa 8k en Jerez<\/li>\n<\/ul>\n<p><strong>Jerez, Zac.-<\/strong> En la ma\u00f1ana de este s\u00e1bado, alrededor de 40 corredores se reunieron frente a la Presidencia Municipal para dar inicio a la carrera de 8 km, conmemorando el D\u00eda de la Mujer. La carrera fue organizada por el H. Ayuntamiento de Jerez 2021-2024, a trav\u00e9s de la Coordinaci\u00f3n Municipal del Deporte.<\/p>\n<p>En el acto protocolario, el profesor Vida Poblano Aguilar, subcoordinador Municipal del Deporte, dio inicio a la carrera de 8 km y record\u00f3 que es la segunda vez que se realiza la carrera para conmemorar el D\u00eda de la Mujer y fomentar la participaci\u00f3n de los j\u00f3venes estudiantes en el deporte jerezano. Tambi\u00e9n estuvieron presentes los docentes de las escuelas participantes, incluyendo al profesor Jos\u00e9 Rogelio Aguilar Esquivel, subdirector de la Secundaria Armando Cruz Palomino, la maestra Soledad Nieto Salas, directora del CECYTEZ, y la maestra Marcela Garc\u00eda Ojeda, docente de la Preparatoria de la UAZ campus Jerez, as\u00ed como alumnos de estas escuelas y de la Preparatoria Francisco Garc\u00eda Salinas, quienes participaron activamente.<\/p>\n<p>Doce corredores fueron premiados con los primeros seis lugares en cada categor\u00eda, femenil y varonil, recibiendo una bolsa de premios de seis mil pesos. Estos premios fueron otorgados por la Presidencia Municipal de la actual administraci\u00f3n para seguir fomentando el deporte en las nuevas generaciones, al mismo tiempo que conmemorar el D\u00eda de la Mujer en 2023.<\/p>\n","protected":false},"excerpt":{"rendered":"<p>Alrededor de 40 corredores se dieron cita para realizar la carrera conmemorativa 8k en Jerez Jerez, Zac.- En la ma\u00f1ana de este s\u00e1bado, alrededor de 40 corredores se reunieron frente a la Presidencia Municipal para dar inicio a la carrera de 8 km, conmemorando el D\u00eda de la Mujer. La carrera fue organizada por el [&hellip;]<\/p>\n","protected":false},"author":9,"featured_media":22013,"comment_status":"closed","ping_status":"closed","sticky":false,"template":"","format":"standard","meta":{"footnotes":""},"categories":[1370],"tags":[],"class_list":["post-22012","post","type-post","status-publish","format-standard","has-post-thumbnail","hentry","category-jerez"],"_links":{"self":[{"href":"https:\/\/enconecte.com\/index.php?rest_route=\/wp\/v2\/posts\/22012","targetHints":{"allow":["GET"]}}],"collection":[{"href":"https:\/\/enconecte.com\/index.php?rest_route=\/wp\/v2\/posts"}],"about":[{"href":"https:\/\/enconecte.com\/index.php?rest_route=\/wp\/v2\/types\/post"}],"author":[{"embeddable":true,"href":"https:\/\/enconecte.com\/index.php?rest_route=\/wp\/v2\/users\/9"}],"replies":[{"embeddable":true,"href":"https:\/\/enconecte.com\/index.php?rest_route=%2Fwp%2Fv2%2Fcomments&post=22012"}],"version-history":[{"count":0,"href":"https:\/\/enconecte.com\/index.php?rest_route=\/wp\/v2\/posts\/22012\/revisions"}],"wp:featuredmedia":[{"embeddable":true,"href":"https:\/\/enconecte.com\/index.php?rest_route=\/wp\/v2\/media\/22013"}],"wp:attachment":[{"href":"https:\/\/enconecte.com\/index.php?rest_route=%2Fwp%2Fv2%2Fmedia&parent=22012"}],"wp:term":[{"taxonomy":"category","embeddable":true,"href":"https:\/\/enconecte.com\/index.php?rest_route=%2Fwp%2Fv2%2Fcategories&post=22012"},{"taxonomy":"post_tag","embeddable":true,"href":"https:\/\/enconecte.com\/index.php?rest_route=%2Fwp%2Fv2%2Ftags&post=22012"}],"curies":[{"name":"wp","href":"https:\/\/api.w.org\/{rel}","templated":true}]}}