{"id":22008,"date":"2023-03-24T17:54:42","date_gmt":"2023-03-24T23:54:42","guid":{"rendered":"https:\/\/enconecte.com\/?p=22008"},"modified":"2023-03-27T20:55:27","modified_gmt":"2023-03-28T02:55:27","slug":"ayuntamiento-y-dif-jerez-acercan-servicios-a-comunidades-de-la-sierra","status":"publish","type":"post","link":"https:\/\/enconecte.com\/?p=22008","title":{"rendered":"AYUNTAMIENTO Y DIF JEREZ ACERCAN SERVICIOS A COMUNIDADES DE LA SIERRA"},"content":{"rendered":"<p>Para refrendar su compromiso y cercan\u00eda con los sectores y localidades vulnerables, el Ayuntamiento que encabeza el alcalde Jos\u00e9 Humberto Salazar Contreras, llev\u00f3 servicios p\u00fablicos y asistenciales a comunidades de la sierra por medio de las Brigadas DIF Somos Todos.<\/p>\n<p>Palmas Altas fue la comunidad cede de las Brigadas, que tambi\u00e9n recibi\u00f3 a habitantes de Sarabia, Monte de los Garc\u00eda, Ordo\u00f1ez, Plan de Carrillo, Cieneguitas de Fern\u00e1ndez, Sauz de los Garc\u00eda, Guadalupe Victoria, y San Isidro Arroyo de Piedra.<\/p>\n<p>Ante ellos el presidente municipal se expres\u00f3 consciente de la vulnerabilidad en que se encuentra el medio rural debido a los embates de la inseguridad, por lo que dijo \u201cpor eso estamos aqu\u00ed, para ir poniendo nuestro granito de arena y solventando sus necesidades, para apoyarlos, para que sepan que no est\u00e1n solos, que estamos con ustedes\u201d.<\/p>\n<p>Recalc\u00f3 en presencia del delegado, El\u00edas Inguanzo, que la uni\u00f3n de toda la sociedad y los tres niveles de gobierno bajo empat\u00eda y solidaridad, lograr\u00e1 la estabilidad y el retorno de m\u00e1s personas a sus comunidades, y en lo que respecta a su gobierno confirm\u00f3 que les est\u00e1 destinando presupuesto, acciones y atenci\u00f3n especializada.<\/p>\n<p>La presidenta honor\u00edfica del DIF, Bertha Alicia Garc\u00eda Duarte, en compa\u00f1\u00eda de la directora Jessica Cuevas Cuevas, refrend\u00f3 que el DIF es de todos los jerezanos y que su prioridad es atender sus necesidades con un enfoque de cercan\u00eda y humanidad, como lo ha indicado y enfatizado el Doctor Salazar Contreras.<\/p>\n<p>Es as\u00ed que se proporcionaron servicios gratuitos de salud, educaci\u00f3n, inclusi\u00f3n y de diversa \u00edndole, a trav\u00e9s de los m\u00f3dulos de atenci\u00f3n en Medicina general, Psicolog\u00eda, Odontolog\u00eda, Procuradur\u00eda, Discapacidad, Trabajo infantil y Programas alimentarios.<\/p>\n<p>A su vez se ofrecieron los talleres de Elaboraci\u00f3n de alimentos nutritivos, y Tecnolog\u00edas dom\u00e9sticas, adem\u00e1s de cortes de cabello, a efecto de dar a la ciudadan\u00eda alternativas de emprendimiento comercial y de ahorro en el hogar.<\/p>\n<p>Tambi\u00e9n se hicieron presentes tanto regidores como titulares y personal de las direcciones y coordinaciones de Desarrollo Econ\u00f3mico y Social, Obras P\u00fablicas, Seguridad Municipal, SIMAPAJ, Educaci\u00f3n Municipal, Atenci\u00f3n Ciudadana y Protecci\u00f3n Civil.<\/p>\n","protected":false},"excerpt":{"rendered":"<p>Para refrendar su compromiso y cercan\u00eda con los sectores y localidades vulnerables, el Ayuntamiento que encabeza el alcalde Jos\u00e9 Humberto Salazar Contreras, llev\u00f3 servicios p\u00fablicos y asistenciales a comunidades de la sierra por medio de las Brigadas DIF Somos Todos. Palmas Altas fue la comunidad cede de las Brigadas, que tambi\u00e9n recibi\u00f3 a habitantes de [&hellip;]<\/p>\n","protected":false},"author":9,"featured_media":22007,"comment_status":"closed","ping_status":"closed","sticky":false,"template":"","format":"standard","meta":{"footnotes":""},"categories":[1370],"tags":[],"class_list":["post-22008","post","type-post","status-publish","format-standard","has-post-thumbnail","hentry","category-jerez"],"_links":{"self":[{"href":"https:\/\/enconecte.com\/index.php?rest_route=\/wp\/v2\/posts\/22008","targetHints":{"allow":["GET"]}}],"collection":[{"href":"https:\/\/enconecte.com\/index.php?rest_route=\/wp\/v2\/posts"}],"about":[{"href":"https:\/\/enconecte.com\/index.php?rest_route=\/wp\/v2\/types\/post"}],"author":[{"embeddable":true,"href":"https:\/\/enconecte.com\/index.php?rest_route=\/wp\/v2\/users\/9"}],"replies":[{"embeddable":true,"href":"https:\/\/enconecte.com\/index.php?rest_route=%2Fwp%2Fv2%2Fcomments&post=22008"}],"version-history":[{"count":0,"href":"https:\/\/enconecte.com\/index.php?rest_route=\/wp\/v2\/posts\/22008\/revisions"}],"wp:featuredmedia":[{"embeddable":true,"href":"https:\/\/enconecte.com\/index.php?rest_route=\/wp\/v2\/media\/22007"}],"wp:attachment":[{"href":"https:\/\/enconecte.com\/index.php?rest_route=%2Fwp%2Fv2%2Fmedia&parent=22008"}],"wp:term":[{"taxonomy":"category","embeddable":true,"href":"https:\/\/enconecte.com\/index.php?rest_route=%2Fwp%2Fv2%2Fcategories&post=22008"},{"taxonomy":"post_tag","embeddable":true,"href":"https:\/\/enconecte.com\/index.php?rest_route=%2Fwp%2Fv2%2Ftags&post=22008"}],"curies":[{"name":"wp","href":"https:\/\/api.w.org\/{rel}","templated":true}]}}