{"id":22005,"date":"2023-03-23T20:52:49","date_gmt":"2023-03-24T02:52:49","guid":{"rendered":"https:\/\/enconecte.com\/?p=22005"},"modified":"2023-03-27T20:54:09","modified_gmt":"2023-03-28T02:54:09","slug":"pc-sigue-capacitando-empresas-jerezanas-en-temas-de-prevencion-de-incendios-y-manejo-de-extintores","status":"publish","type":"post","link":"https:\/\/enconecte.com\/?p=22005","title":{"rendered":"PC SIGUE CAPACITANDO EMPRESAS JEREZANAS EN TEMAS DE PREVENCI\u00d3N DE INCENDIOS Y MANEJO DE EXTINTORES"},"content":{"rendered":"<ul>\n<li>14 brigadistas de la empresa C\u00e1rnicos de Jerez fueron capacitados<\/li>\n<\/ul>\n<p><strong>Jerez, Zac.-<\/strong> Este mi\u00e9rcoles, Protecci\u00f3n Civil de Jerez brind\u00f3 capacitaci\u00f3n a empresas locales en &#8220;Prevenci\u00f3n de Incendios, Uso y Manejo de Extintores&#8221; para cumplir con el Programa Interno de Protecci\u00f3n Civil, el Programa de Prevenci\u00f3n de Riesgos y el Programa de Seguridad y Emergencias establecidos en el Plan de Desarrollo Municipal. El objetivo de esta capacitaci\u00f3n fue fortalecer las capacidades de respuesta de la ciudadan\u00eda ante una emergencia temprana.<\/p>\n<p>En la capacitaci\u00f3n de hoy, se abordaron temas relacionados con el uso y manejo de extintores, y se capacitaron a 14 brigadistas de la empresa C\u00e1rnicos de Jerez para estar preparados ante cualquier eventualidad. El Departamento de Gesti\u00f3n de Riesgos y Prevenci\u00f3n de Protecci\u00f3n Civil y Bomberos brind\u00f3 la capacitaci\u00f3n.<\/p>\n<p>La Coordinaci\u00f3n de Protecci\u00f3n Civil y Bomberos de Jerez sigue invitando a empresas e instituciones educativas a acercarse a sus instalaciones y solicitar capacitaciones en primeros auxilios y prevenci\u00f3n de riesgos para estar preparados ante cualquier contingencia.<\/p>\n","protected":false},"excerpt":{"rendered":"<p>14 brigadistas de la empresa C\u00e1rnicos de Jerez fueron capacitados Jerez, Zac.- Este mi\u00e9rcoles, Protecci\u00f3n Civil de Jerez brind\u00f3 capacitaci\u00f3n a empresas locales en &#8220;Prevenci\u00f3n de Incendios, Uso y Manejo de Extintores&#8221; para cumplir con el Programa Interno de Protecci\u00f3n Civil, el Programa de Prevenci\u00f3n de Riesgos y el Programa de Seguridad y Emergencias establecidos [&hellip;]<\/p>\n","protected":false},"author":9,"featured_media":22006,"comment_status":"closed","ping_status":"closed","sticky":false,"template":"","format":"standard","meta":{"footnotes":""},"categories":[1370],"tags":[],"class_list":["post-22005","post","type-post","status-publish","format-standard","has-post-thumbnail","hentry","category-jerez"],"_links":{"self":[{"href":"https:\/\/enconecte.com\/index.php?rest_route=\/wp\/v2\/posts\/22005","targetHints":{"allow":["GET"]}}],"collection":[{"href":"https:\/\/enconecte.com\/index.php?rest_route=\/wp\/v2\/posts"}],"about":[{"href":"https:\/\/enconecte.com\/index.php?rest_route=\/wp\/v2\/types\/post"}],"author":[{"embeddable":true,"href":"https:\/\/enconecte.com\/index.php?rest_route=\/wp\/v2\/users\/9"}],"replies":[{"embeddable":true,"href":"https:\/\/enconecte.com\/index.php?rest_route=%2Fwp%2Fv2%2Fcomments&post=22005"}],"version-history":[{"count":0,"href":"https:\/\/enconecte.com\/index.php?rest_route=\/wp\/v2\/posts\/22005\/revisions"}],"wp:featuredmedia":[{"embeddable":true,"href":"https:\/\/enconecte.com\/index.php?rest_route=\/wp\/v2\/media\/22006"}],"wp:attachment":[{"href":"https:\/\/enconecte.com\/index.php?rest_route=%2Fwp%2Fv2%2Fmedia&parent=22005"}],"wp:term":[{"taxonomy":"category","embeddable":true,"href":"https:\/\/enconecte.com\/index.php?rest_route=%2Fwp%2Fv2%2Fcategories&post=22005"},{"taxonomy":"post_tag","embeddable":true,"href":"https:\/\/enconecte.com\/index.php?rest_route=%2Fwp%2Fv2%2Ftags&post=22005"}],"curies":[{"name":"wp","href":"https:\/\/api.w.org\/{rel}","templated":true}]}}