{"id":21353,"date":"2022-10-27T16:10:20","date_gmt":"2022-10-27T21:10:20","guid":{"rendered":"https:\/\/enconecte.com\/?p=21353"},"modified":"2022-11-05T00:04:14","modified_gmt":"2022-11-05T06:04:14","slug":"resalta-el-doctor-ovalle-la-importancia-de-la-reconstruccion-en-el-tratamiento-de-cancer-de-mama","status":"publish","type":"post","link":"https:\/\/enconecte.com\/?p=21353","title":{"rendered":"RESALTA EL DOCTOR OVALLE LA IMPORTANCIA DE LA RECONSTRUCCI\u00d3N EN EL TRATAMIENTO DE C\u00c1NCER DE MAMA"},"content":{"rendered":"<p>Ante la realidad que sigue mostrando la presencia del c\u00e1ncer de mama como la primer causa de mortalidad en las mujeres, el profesional de la salud Pedro Ovalle Correa afirm\u00f3 que no se trata de llevar acciones solamente el mes de octubre, sino hacer conciencia permanentemente entre el sector femenino y sus familiares.<\/p>\n<p>Lo anterior durante el Foro \u201cC\u00e1ncer de mama, tratamiento y reconstrucci\u00f3n\u201d, en el que el joven especialista ofreci\u00f3 algunos datos que muestran el crecimiento en la incidencia, se\u00f1alando entre otras cosas que en M\u00e9xico se diagnostican en promedio 83 casos de c\u00e1ncer de mama al d\u00eda, mientras que se registran alrededor de 22 fallecimientos diarios por esta causa.<\/p>\n<p>Ante la presencia de la presidenta honor\u00edfica del Sistema DIF Municipal Bertha Alicia Garc\u00eda Duarte, la directora J\u00e9ssica Cuevas Cuevas y la directora del INMUJE Teresina Casas Castro, el especialista se\u00f1al\u00f3 que la cirug\u00eda es la base del tratamiento y fue enf\u00e1tico en la importancia de la reconstrucci\u00f3n de mama que, aunque despu\u00e9s de una intervenci\u00f3n quir\u00fargica no ser\u00e1 la misma, s\u00ed se busca la recreaci\u00f3n lo m\u00e1s posible.<\/p>\n<p>Entre la problem\u00e1tica principal, mencion\u00f3 que se est\u00e1 diagnosticando tarde y, si bien existen aspectos no prevenibles, como el hecho de ser mujer o el que existan antecedentes familiares, s\u00ed es posible prevenir otros aspectos como el ser madre despu\u00e9s de los 30 a\u00f1os, el haber disminuido el tiempo de amamantar, tabaquismo y otros factores que s\u00ed son prevenibles.<\/p>\n<p>Y extern\u00f3 la certeza de que la detecci\u00f3n temprana es la forma m\u00e1s efectiva del tratamiento exitoso, lo ideal, dijo, ser\u00eda detectar todos los casos en lo que se conoce como etapa cero, sin embargo, el porcentaje en este sentido es m\u00ednimo, por lo que destac\u00f3 la importancia de la auto exploraci\u00f3n, el examen m\u00e9dico y la mastograf\u00eda en personas mayores de 40 a\u00f1os, que se considera el \u00fanico m\u00e9todo por imagen, que ha logrado disminuir la mortalidad.<\/p>\n<p>Durante el evento, Blanquita, sobreviviente del c\u00e1ncer de mama, ofreci\u00f3 a los asistentes su testimonio de vida en la lucha contra este mal, llena de fe y optimismo en cada momento de su proceso y el acompa\u00f1amiento de su familia; ella tambi\u00e9n hizo la recomendaci\u00f3n a las mujeres de no tener miedo a auto explorarse y practicarse revisiones peri\u00f3dicas, pues una detecci\u00f3n a tiempo puede ser la diferencia e insisti\u00f3 en luchar con optimismo, pues enfrentar un monstruo como el c\u00e1ncer de mama, no cualquiera.<\/p>\n<p><img loading=\"lazy\" decoding=\"async\" class=\"alignnone size-large wp-image-21354\" src=\"https:\/\/enconecte.com\/wp-content\/uploads\/2022\/11\/61d9112a-21de-44bd-9fb5-1858ed197c53-1024x681.jpg\" alt=\"\" width=\"696\" height=\"463\" srcset=\"https:\/\/enconecte.com\/wp-content\/uploads\/2022\/11\/61d9112a-21de-44bd-9fb5-1858ed197c53-1024x681.jpg 1024w, https:\/\/enconecte.com\/wp-content\/uploads\/2022\/11\/61d9112a-21de-44bd-9fb5-1858ed197c53-300x200.jpg 300w, https:\/\/enconecte.com\/wp-content\/uploads\/2022\/11\/61d9112a-21de-44bd-9fb5-1858ed197c53-768x511.jpg 768w, https:\/\/enconecte.com\/wp-content\/uploads\/2022\/11\/61d9112a-21de-44bd-9fb5-1858ed197c53.jpg 1600w\" sizes=\"auto, (max-width: 696px) 100vw, 696px\" \/> <img loading=\"lazy\" decoding=\"async\" class=\"alignnone size-large wp-image-21355\" src=\"https:\/\/enconecte.com\/wp-content\/uploads\/2022\/11\/7569dfa6-acfa-421d-b015-86f4140b7f04-1024x681.jpg\" alt=\"\" width=\"696\" height=\"463\" srcset=\"https:\/\/enconecte.com\/wp-content\/uploads\/2022\/11\/7569dfa6-acfa-421d-b015-86f4140b7f04-1024x681.jpg 1024w, https:\/\/enconecte.com\/wp-content\/uploads\/2022\/11\/7569dfa6-acfa-421d-b015-86f4140b7f04-300x200.jpg 300w, https:\/\/enconecte.com\/wp-content\/uploads\/2022\/11\/7569dfa6-acfa-421d-b015-86f4140b7f04-768x511.jpg 768w, https:\/\/enconecte.com\/wp-content\/uploads\/2022\/11\/7569dfa6-acfa-421d-b015-86f4140b7f04.jpg 1600w\" sizes=\"auto, (max-width: 696px) 100vw, 696px\" \/><\/p>\n","protected":false},"excerpt":{"rendered":"<p>Ante la realidad que sigue mostrando la presencia del c\u00e1ncer de mama como la primer causa de mortalidad en las mujeres, el profesional de la salud Pedro Ovalle Correa afirm\u00f3 que no se trata de llevar acciones solamente el mes de octubre, sino hacer conciencia permanentemente entre el sector femenino y sus familiares. Lo anterior [&hellip;]<\/p>\n","protected":false},"author":9,"featured_media":21356,"comment_status":"closed","ping_status":"closed","sticky":false,"template":"","format":"standard","meta":{"footnotes":""},"categories":[1370],"tags":[],"class_list":["post-21353","post","type-post","status-publish","format-standard","has-post-thumbnail","hentry","category-jerez"],"_links":{"self":[{"href":"https:\/\/enconecte.com\/index.php?rest_route=\/wp\/v2\/posts\/21353","targetHints":{"allow":["GET"]}}],"collection":[{"href":"https:\/\/enconecte.com\/index.php?rest_route=\/wp\/v2\/posts"}],"about":[{"href":"https:\/\/enconecte.com\/index.php?rest_route=\/wp\/v2\/types\/post"}],"author":[{"embeddable":true,"href":"https:\/\/enconecte.com\/index.php?rest_route=\/wp\/v2\/users\/9"}],"replies":[{"embeddable":true,"href":"https:\/\/enconecte.com\/index.php?rest_route=%2Fwp%2Fv2%2Fcomments&post=21353"}],"version-history":[{"count":0,"href":"https:\/\/enconecte.com\/index.php?rest_route=\/wp\/v2\/posts\/21353\/revisions"}],"wp:featuredmedia":[{"embeddable":true,"href":"https:\/\/enconecte.com\/index.php?rest_route=\/wp\/v2\/media\/21356"}],"wp:attachment":[{"href":"https:\/\/enconecte.com\/index.php?rest_route=%2Fwp%2Fv2%2Fmedia&parent=21353"}],"wp:term":[{"taxonomy":"category","embeddable":true,"href":"https:\/\/enconecte.com\/index.php?rest_route=%2Fwp%2Fv2%2Fcategories&post=21353"},{"taxonomy":"post_tag","embeddable":true,"href":"https:\/\/enconecte.com\/index.php?rest_route=%2Fwp%2Fv2%2Ftags&post=21353"}],"curies":[{"name":"wp","href":"https:\/\/api.w.org\/{rel}","templated":true}]}}