{"id":21347,"date":"2022-10-28T12:05:21","date_gmt":"2022-10-28T17:05:21","guid":{"rendered":"https:\/\/enconecte.com\/?p=21347"},"modified":"2022-11-05T00:04:52","modified_gmt":"2022-11-05T06:04:52","slug":"preferencia-a-jerezanos-en-la-asignacion-de-espacios-para-venta-de-flores-el-1-y-2-de-noviembre","status":"publish","type":"post","link":"https:\/\/enconecte.com\/?p=21347","title":{"rendered":"PREFERENCIA A JEREZANOS EN LA ASIGNACI\u00d3N DE ESPACIOS PARA VENTA DE FLORES EL 1 Y 2 DE NOVIEMBRE"},"content":{"rendered":"<ul>\n<li>Busca el gobierno municipal preservar las tradiciones y fomentar la econom\u00eda local<\/li>\n<\/ul>\n<p>Por disposici\u00f3n del alcalde Jos\u00e9 Humberto Salar Contreras, los comerciantes jerezanos tendr\u00e1n preferencia en la instalaci\u00f3n de puestos para venta de flores en torno a los panteones de esta ciudad, con motivo de la celebraci\u00f3n de D\u00eda de Muertos, inform\u00f3 el administrador de Plazas y Mercados Manuel de Jes\u00fas Dorado Caldera, quien precis\u00f3 que s\u00f3lo en caso de que no se complete, con la solicitudes de los de aqu\u00ed, se asignar\u00e1n a for\u00e1neos.<\/p>\n<p>Dichos establecimientos de car\u00e1cter provisional se instalar\u00e1n los d\u00edas 1 y 2 de noviembre para lo que se expidieron 60 permisos que se ubicar\u00e1n al exterior de El Calvario y 15 m\u00e1s que se colocar\u00e1n afuera del Pante\u00f3n-museo de Dolores, mismos que tendr\u00e1n una medida de 2.20 x 2.20 metros y ser\u00e1n prioritariamente vendedores de flores naturales y artificiales, as\u00ed como de alimentos.<\/p>\n<p>Afirm\u00f3 que, con oportunidad, se enviaron los oficios de colaboraci\u00f3n a diversas instancias con el objeto de que se pueda proporcionar el apoyo no s\u00f3lo en estos d\u00edas, sino en casos que as\u00ed se requiera, antes y despu\u00e9s, entre ellos Seguridad P\u00fablica, Tr\u00e1nsito, Departamento de Limpia, Parques y Jardines, pintura y alumbrado p\u00fablico.<\/p>\n<p>Por otra parte, el administrador dio a conocer que, de acuerdo con la tradici\u00f3n, se otorgaron permisos en el per\u00edmetro del mercado Benito Ju\u00e1rez, con el objeto de facilitar la venta de dulces tradicionales de estas fechas, elaborados por productores locales, mismos que cuentan con licencia para instalarse desde el pasado fin de semana y permanecer hasta el 3 de noviembre, con lo que se cumplen dos de los prop\u00f3sitos que ha establecido el doctor Salazar, conservar las tradiciones y fomentar la econom\u00eda local.<\/p>\n","protected":false},"excerpt":{"rendered":"<p>Busca el gobierno municipal preservar las tradiciones y fomentar la econom\u00eda local Por disposici\u00f3n del alcalde Jos\u00e9 Humberto Salar Contreras, los comerciantes jerezanos tendr\u00e1n preferencia en la instalaci\u00f3n de puestos para venta de flores en torno a los panteones de esta ciudad, con motivo de la celebraci\u00f3n de D\u00eda de Muertos, inform\u00f3 el administrador de [&hellip;]<\/p>\n","protected":false},"author":9,"featured_media":21348,"comment_status":"closed","ping_status":"closed","sticky":false,"template":"","format":"standard","meta":{"footnotes":""},"categories":[1370],"tags":[],"class_list":["post-21347","post","type-post","status-publish","format-standard","has-post-thumbnail","hentry","category-jerez"],"_links":{"self":[{"href":"https:\/\/enconecte.com\/index.php?rest_route=\/wp\/v2\/posts\/21347","targetHints":{"allow":["GET"]}}],"collection":[{"href":"https:\/\/enconecte.com\/index.php?rest_route=\/wp\/v2\/posts"}],"about":[{"href":"https:\/\/enconecte.com\/index.php?rest_route=\/wp\/v2\/types\/post"}],"author":[{"embeddable":true,"href":"https:\/\/enconecte.com\/index.php?rest_route=\/wp\/v2\/users\/9"}],"replies":[{"embeddable":true,"href":"https:\/\/enconecte.com\/index.php?rest_route=%2Fwp%2Fv2%2Fcomments&post=21347"}],"version-history":[{"count":0,"href":"https:\/\/enconecte.com\/index.php?rest_route=\/wp\/v2\/posts\/21347\/revisions"}],"wp:featuredmedia":[{"embeddable":true,"href":"https:\/\/enconecte.com\/index.php?rest_route=\/wp\/v2\/media\/21348"}],"wp:attachment":[{"href":"https:\/\/enconecte.com\/index.php?rest_route=%2Fwp%2Fv2%2Fmedia&parent=21347"}],"wp:term":[{"taxonomy":"category","embeddable":true,"href":"https:\/\/enconecte.com\/index.php?rest_route=%2Fwp%2Fv2%2Fcategories&post=21347"},{"taxonomy":"post_tag","embeddable":true,"href":"https:\/\/enconecte.com\/index.php?rest_route=%2Fwp%2Fv2%2Ftags&post=21347"}],"curies":[{"name":"wp","href":"https:\/\/api.w.org\/{rel}","templated":true}]}}