{"id":20121,"date":"2022-03-11T11:27:58","date_gmt":"2022-03-11T17:27:58","guid":{"rendered":"https:\/\/enconecte.com\/?p=20121"},"modified":"2022-03-11T17:30:22","modified_gmt":"2022-03-11T23:30:22","slug":"en-apoyo-y-acompanamiento-a-familias-de-la-sierra-suman-esfuerzos-h-ayuntamiento-y-parrocos-de-jerez","status":"publish","type":"post","link":"https:\/\/enconecte.com\/?p=20121","title":{"rendered":"EN APOYO Y ACOMPA\u00d1AMIENTO A FAMILIAS DE LA SIERRA, SUMAN ESFUERZOS H. AYUNTAMIENTO Y P\u00c1RROCOS DE JEREZ"},"content":{"rendered":"<p>Hoy por la ma\u00f1ana, el alcalde Humberto Salazar Conteras sostuvo una reuni\u00f3n con p\u00e1rrocos de la cabecera municipal y las comunidades. Respetando por completo el estado laico, llevando a cabo un di\u00e1logo con quienes tienen contacto cercano y permanente con las familias del municipio, para construir un v\u00ednculo de cooperaci\u00f3n en diferentes temas.<\/p>\n<p>Estuvieron presentes en dicha reuni\u00f3n el decano Edgar Torres, en representaci\u00f3n del Obispo, el vicario territorial Paulino Laris, as\u00ed como los p\u00e1rrocos de la Inmaculada Concepci\u00f3n, Nuestra Se\u00f1ora de Guadalupe, San Jos\u00e9 Obrero, San Francisco de As\u00eds, en la cabecera municipal, as\u00ed como las parroquias que se encuentran en la Ermita de los Correa y la Ermita de Guadalupe, San Juan Bautista y Nuestra Se\u00f1ora de Guadalupe, respectivamente; y la cuasi parroquia de El Cargadero, San Rafael.<\/p>\n<p>En dicha reuni\u00f3n se planearon las pr\u00f3ximas celebraciones tradicionales que ata\u00f1en al decanato Jerez: La Semana Santa, que se sincroniza con el inicio de la Feria de Primavera.<br \/>\nEl doctor Salazar les solicit\u00f3 su apoyo como embajadores y voceros con las familias del municipio, para conocer y dialogar los desaf\u00edos presentes con miras a las situaciones primordiales, previas al regreso a las comunidades, as\u00ed como su aporte en la entrega de los apoyos, ya que son ellos quienes est\u00e1n en contacto cercano con los m\u00e1s vulnerables, y todo su conocimiento puede aportar beneficios en la toma de decisiones, de igual manera, ayudar a \u201csembrar una semilla de esperanza y de acompa\u00f1amiento en estos complejos momentos\u201d, puntualiz\u00f3.<\/p>\n","protected":false},"excerpt":{"rendered":"<p>Hoy por la ma\u00f1ana, el alcalde Humberto Salazar Conteras sostuvo una reuni\u00f3n con p\u00e1rrocos de la cabecera municipal y las comunidades. Respetando por completo el estado laico, llevando a cabo un di\u00e1logo con quienes tienen contacto cercano y permanente con las familias del municipio, para construir un v\u00ednculo de cooperaci\u00f3n en diferentes temas. Estuvieron presentes [&hellip;]<\/p>\n","protected":false},"author":8,"featured_media":20122,"comment_status":"closed","ping_status":"closed","sticky":false,"template":"","format":"standard","meta":{"footnotes":""},"categories":[1370],"tags":[2171],"class_list":["post-20121","post","type-post","status-publish","format-standard","has-post-thumbnail","hentry","category-jerez","tag-destacado"],"_links":{"self":[{"href":"https:\/\/enconecte.com\/index.php?rest_route=\/wp\/v2\/posts\/20121","targetHints":{"allow":["GET"]}}],"collection":[{"href":"https:\/\/enconecte.com\/index.php?rest_route=\/wp\/v2\/posts"}],"about":[{"href":"https:\/\/enconecte.com\/index.php?rest_route=\/wp\/v2\/types\/post"}],"author":[{"embeddable":true,"href":"https:\/\/enconecte.com\/index.php?rest_route=\/wp\/v2\/users\/8"}],"replies":[{"embeddable":true,"href":"https:\/\/enconecte.com\/index.php?rest_route=%2Fwp%2Fv2%2Fcomments&post=20121"}],"version-history":[{"count":0,"href":"https:\/\/enconecte.com\/index.php?rest_route=\/wp\/v2\/posts\/20121\/revisions"}],"wp:featuredmedia":[{"embeddable":true,"href":"https:\/\/enconecte.com\/index.php?rest_route=\/wp\/v2\/media\/20122"}],"wp:attachment":[{"href":"https:\/\/enconecte.com\/index.php?rest_route=%2Fwp%2Fv2%2Fmedia&parent=20121"}],"wp:term":[{"taxonomy":"category","embeddable":true,"href":"https:\/\/enconecte.com\/index.php?rest_route=%2Fwp%2Fv2%2Fcategories&post=20121"},{"taxonomy":"post_tag","embeddable":true,"href":"https:\/\/enconecte.com\/index.php?rest_route=%2Fwp%2Fv2%2Ftags&post=20121"}],"curies":[{"name":"wp","href":"https:\/\/api.w.org\/{rel}","templated":true}]}}