{"id":20112,"date":"2022-03-09T16:21:30","date_gmt":"2022-03-09T22:21:30","guid":{"rendered":"https:\/\/enconecte.com\/?p=20112"},"modified":"2022-05-02T13:46:41","modified_gmt":"2022-05-02T18:46:41","slug":"nuevo-formato-de-la-feria-de-primavera-jerez-2022","status":"publish","type":"post","link":"https:\/\/enconecte.com\/?p=20112","title":{"rendered":"NUEVO FORMATO DE LA FERIA DE PRIMAVERA JEREZ 2022"},"content":{"rendered":"<p>En atenci\u00f3n a las dudas de la ciudadan\u00eda sobre el nuevo formato de la Feria de Primavera, desde el Comit\u00e9 que tengo el honor de presidir, consideramos necesario ampliar la informaci\u00f3n emitida ayer sobre el esquema de organizaci\u00f3n.<\/p>\n<p>Enfocaremos los festejos con una perspectiva cultural, tradicional y familiar. Por tanto, quedan cancelados los conciertos programados para el Teatro del Pueblo. Para asegurar una feria responsable y segura, se regular\u00e1 el consumo de alcohol, quedando estrictamente prohibidas su venta, as\u00ed como la instalaci\u00f3n de bares, al interior del recinto de la Feria.<\/p>\n<p>Este formato est\u00e1 enfocado por completo en generar un espacio familiar. Queremos garantizar un ambiente seguro para el sano esparcimiento, as\u00ed como la convivencia de jerezanos y visitantes.<\/p>\n<p>Nuevamente les recordamos seguir nuestras redes sociales oficiales para m\u00e1s actualizaciones sobre el programa y organizaci\u00f3n de esta Fiesta de los Jerezanos.<\/p>\n<p>Atentamente<br \/>\nV\u00edctor de Santiago<br \/>\nPresidente del Comit\u00e9 de Feria de Primavera 2022<\/p>\n<p>Jerez, Zacatecas a 9 de marzo de 2022<\/p>\n<p><a  href=\"https:\/\/enconecte.com\/wp-content\/uploads\/2022\/03\/FERIA.jpg\" data-rel=\"lightbox-gallery-0\" data-rl_title=\"\" data-rl_caption=\"\" title=\"\"><img loading=\"lazy\" decoding=\"async\" class=\"alignnone size-medium wp-image-20113\" src=\"https:\/\/enconecte.com\/wp-content\/uploads\/2022\/03\/FERIA-232x300.jpg\" alt=\"\" width=\"232\" height=\"300\" srcset=\"https:\/\/enconecte.com\/wp-content\/uploads\/2022\/03\/FERIA-232x300.jpg 232w, https:\/\/enconecte.com\/wp-content\/uploads\/2022\/03\/FERIA-768x994.jpg 768w, https:\/\/enconecte.com\/wp-content\/uploads\/2022\/03\/FERIA-791x1024.jpg 791w, https:\/\/enconecte.com\/wp-content\/uploads\/2022\/03\/FERIA.jpg 989w\" sizes=\"auto, (max-width: 232px) 100vw, 232px\" \/><\/a><\/p>\n","protected":false},"excerpt":{"rendered":"<p>En atenci\u00f3n a las dudas de la ciudadan\u00eda sobre el nuevo formato de la Feria de Primavera, desde el Comit\u00e9 que tengo el honor de presidir, consideramos necesario ampliar la informaci\u00f3n emitida ayer sobre el esquema de organizaci\u00f3n. Enfocaremos los festejos con una perspectiva cultural, tradicional y familiar. Por tanto, quedan cancelados los conciertos programados [&hellip;]<\/p>\n","protected":false},"author":8,"featured_media":20110,"comment_status":"closed","ping_status":"closed","sticky":false,"template":"","format":"standard","meta":{"footnotes":""},"categories":[2175],"tags":[2171],"class_list":["post-20112","post","type-post","status-publish","format-standard","has-post-thumbnail","hentry","category-feria-jerez","tag-destacado"],"_links":{"self":[{"href":"https:\/\/enconecte.com\/index.php?rest_route=\/wp\/v2\/posts\/20112","targetHints":{"allow":["GET"]}}],"collection":[{"href":"https:\/\/enconecte.com\/index.php?rest_route=\/wp\/v2\/posts"}],"about":[{"href":"https:\/\/enconecte.com\/index.php?rest_route=\/wp\/v2\/types\/post"}],"author":[{"embeddable":true,"href":"https:\/\/enconecte.com\/index.php?rest_route=\/wp\/v2\/users\/8"}],"replies":[{"embeddable":true,"href":"https:\/\/enconecte.com\/index.php?rest_route=%2Fwp%2Fv2%2Fcomments&post=20112"}],"version-history":[{"count":0,"href":"https:\/\/enconecte.com\/index.php?rest_route=\/wp\/v2\/posts\/20112\/revisions"}],"wp:featuredmedia":[{"embeddable":true,"href":"https:\/\/enconecte.com\/index.php?rest_route=\/wp\/v2\/media\/20110"}],"wp:attachment":[{"href":"https:\/\/enconecte.com\/index.php?rest_route=%2Fwp%2Fv2%2Fmedia&parent=20112"}],"wp:term":[{"taxonomy":"category","embeddable":true,"href":"https:\/\/enconecte.com\/index.php?rest_route=%2Fwp%2Fv2%2Fcategories&post=20112"},{"taxonomy":"post_tag","embeddable":true,"href":"https:\/\/enconecte.com\/index.php?rest_route=%2Fwp%2Fv2%2Ftags&post=20112"}],"curies":[{"name":"wp","href":"https:\/\/api.w.org\/{rel}","templated":true}]}}