{"id":20109,"date":"2022-03-08T16:04:21","date_gmt":"2022-03-08T22:04:21","guid":{"rendered":"https:\/\/enconecte.com\/?p=20109"},"modified":"2022-05-02T13:46:53","modified_gmt":"2022-05-02T18:46:53","slug":"comunicado-oficial-de-la-feria-de-primavera-jerez-2022","status":"publish","type":"post","link":"https:\/\/enconecte.com\/?p=20109","title":{"rendered":"COMUNICADO OFICIAL DE LA  FERIA DE PRIMAVERA JEREZ 2022"},"content":{"rendered":"<p>La Feria de Primavera constituye la tradici\u00f3n sumamente importante para Jerez y su gente, tanto para la que vive dentro, como fuera de las fronteras del pa\u00eds. Durante los dos a\u00f1os anteriores, la falta de esta festividad afect\u00f3 seriamente a los sectores productivos y econ\u00f3micos de nuestro municipio. Ante este escenario, en 2022 es fundamental replantear el formato la Feria de Primavera.<\/p>\n<p>Debido esto, tomando en cuenta los puntos de vista de diversos sectores de la ciudadan\u00eda, tras escuchar la exigencia social de reactivaci\u00f3n econ\u00f3mica por parte de la sociedad, se tom\u00f3 la determinaci\u00f3n de recuperar y actualizar esta tradici\u00f3n.<\/p>\n<p>Informamos que la edici\u00f3n 2022 de la Feria de Primavera NO se cancela, se realizar\u00e1 el pr\u00f3ximo mes de abril; en el Comit\u00e9 nos encontramos trabajando en la organizaci\u00f3n de la Fiesta de los Jerezanos.<\/p>\n<p>Sin embargo, ante el contexto de nuestra regi\u00f3n, se modificar\u00e1 el formato del festejo, priorizando las costumbres y tradiciones que son parte de la identidad social y cultural de nuestra tierra y que, en su momento, propiciaron el nombramiento para Jerez como Pueblo M\u00e1gico.<br \/>\nOrganizaremos una feria en la que prevalezca la sana convivencia y el rescate de los valores; una feria que beneficie econ\u00f3micamente a las familias jerezanas; y que sean precisamente las familias quienes disfruten este festejo, tal como es el esp\u00edritu que dio origen a esta tradici\u00f3n centenaria.<\/p>\n<p>Con este esquema en mente, pronto daremos conocer, a trav\u00e9s de nuestras p\u00e1ginas oficiales, el programa de nuestra Feria de Primavera 2022, en correspondencia con la exigencia de la poblaci\u00f3n, dise\u00f1ada de forma familiar, tradicional y cultural.<\/p>\n<p>Les recordamos que la informaci\u00f3n oficial sobre la Feria de Primavera 2022 ser\u00e1 publicada en nuestras redes sociales oficiales.<\/p>\n<p>Atentamente:<br \/>\nV\u00edctor de Santiago<br \/>\nPresidente del Comit\u00e9 de Feria de Primavera 2022<\/p>\n<p>Jerez de Garc\u00eda Salinas, 8 de marzo de 2022<\/p>\n<p><a  href=\"https:\/\/enconecte.com\/wp-content\/uploads\/2022\/03\/JEREZ-FERIA.jpg\" data-rel=\"lightbox-gallery-0\" data-rl_title=\"\" data-rl_caption=\"\" title=\"\"><img loading=\"lazy\" decoding=\"async\" class=\"alignnone size-medium wp-image-20111\" src=\"https:\/\/enconecte.com\/wp-content\/uploads\/2022\/03\/JEREZ-FERIA-232x300.jpg\" alt=\"\" width=\"232\" height=\"300\" srcset=\"https:\/\/enconecte.com\/wp-content\/uploads\/2022\/03\/JEREZ-FERIA-232x300.jpg 232w, https:\/\/enconecte.com\/wp-content\/uploads\/2022\/03\/JEREZ-FERIA-768x994.jpg 768w, https:\/\/enconecte.com\/wp-content\/uploads\/2022\/03\/JEREZ-FERIA-791x1024.jpg 791w, https:\/\/enconecte.com\/wp-content\/uploads\/2022\/03\/JEREZ-FERIA.jpg 989w\" sizes=\"auto, (max-width: 232px) 100vw, 232px\" \/><\/a><\/p>\n","protected":false},"excerpt":{"rendered":"<p>La Feria de Primavera constituye la tradici\u00f3n sumamente importante para Jerez y su gente, tanto para la que vive dentro, como fuera de las fronteras del pa\u00eds. Durante los dos a\u00f1os anteriores, la falta de esta festividad afect\u00f3 seriamente a los sectores productivos y econ\u00f3micos de nuestro municipio. Ante este escenario, en 2022 es fundamental [&hellip;]<\/p>\n","protected":false},"author":8,"featured_media":20110,"comment_status":"closed","ping_status":"closed","sticky":false,"template":"","format":"standard","meta":{"footnotes":""},"categories":[2175],"tags":[2171,553],"class_list":["post-20109","post","type-post","status-publish","format-standard","has-post-thumbnail","hentry","category-feria-jerez","tag-destacado","tag-feria-de-primavera"],"_links":{"self":[{"href":"https:\/\/enconecte.com\/index.php?rest_route=\/wp\/v2\/posts\/20109","targetHints":{"allow":["GET"]}}],"collection":[{"href":"https:\/\/enconecte.com\/index.php?rest_route=\/wp\/v2\/posts"}],"about":[{"href":"https:\/\/enconecte.com\/index.php?rest_route=\/wp\/v2\/types\/post"}],"author":[{"embeddable":true,"href":"https:\/\/enconecte.com\/index.php?rest_route=\/wp\/v2\/users\/8"}],"replies":[{"embeddable":true,"href":"https:\/\/enconecte.com\/index.php?rest_route=%2Fwp%2Fv2%2Fcomments&post=20109"}],"version-history":[{"count":0,"href":"https:\/\/enconecte.com\/index.php?rest_route=\/wp\/v2\/posts\/20109\/revisions"}],"wp:featuredmedia":[{"embeddable":true,"href":"https:\/\/enconecte.com\/index.php?rest_route=\/wp\/v2\/media\/20110"}],"wp:attachment":[{"href":"https:\/\/enconecte.com\/index.php?rest_route=%2Fwp%2Fv2%2Fmedia&parent=20109"}],"wp:term":[{"taxonomy":"category","embeddable":true,"href":"https:\/\/enconecte.com\/index.php?rest_route=%2Fwp%2Fv2%2Fcategories&post=20109"},{"taxonomy":"post_tag","embeddable":true,"href":"https:\/\/enconecte.com\/index.php?rest_route=%2Fwp%2Fv2%2Ftags&post=20109"}],"curies":[{"name":"wp","href":"https:\/\/api.w.org\/{rel}","templated":true}]}}