{"id":20106,"date":"2022-03-09T15:01:42","date_gmt":"2022-03-09T21:01:42","guid":{"rendered":"https:\/\/enconecte.com\/?p=20106"},"modified":"2022-03-09T15:01:42","modified_gmt":"2022-03-09T21:01:42","slug":"dif-de-jerez-conmemora-dia-de-la-mujer-con-brigada-purpura","status":"publish","type":"post","link":"https:\/\/enconecte.com\/?p=20106","title":{"rendered":"DIF DE JEREZ CONMEMORA D\u00cdA DE LA MUJER CON BRIGADA P\u00daRPURA"},"content":{"rendered":"<p>El Sistema Municipal para el Desarrollo Integral de la Familia (SMDIF) se sum\u00f3 a las actividades del Ayuntamiento para conmemorar el D\u00eda Internacional de la Mujer, con una Brigada P\u00farpura que ofreci\u00f3 a las jerezanas asistencia gratuita en salud, legalidad y productividad dom\u00e9stica.<\/p>\n<p>Al dar arranque al evento, el presidente municipal se\u00f1al\u00f3 que es necesario proteger a las mujeres para que tengan un mejor estado de salud y puedan desarrollarse en el \u00e1mbito privado y p\u00fablico, adem\u00e1s de ser enf\u00e1tico en que deben tener atenci\u00f3n especial.<\/p>\n<p>A m\u00e1s de un siglo de que las mujeres iniciaran la lucha para ganar una equidad de g\u00e9nero, el mandatario enfatiz\u00f3 que gracias a ellas ha habido un gran avance en este aspecto, sin embargo, a\u00fan falta que obtengan mayor acci\u00f3n p\u00fablica en rubros como el empresarial y el gubernamental.<\/p>\n<p>La presidenta honor\u00edfica del SMDIF extern\u00f3 que tambi\u00e9n hay otro tipo de lucha que se debe hacer y es la que viene del interior de cada mujer, del cari\u00f1o y cuidado hacia s\u00ed mismas, por lo cual les prepar\u00f3 una Brigada con atenci\u00f3n principalmente a su salud f\u00edsica y emocional.<\/p>\n<p>La directora del Instituto de la Mujer Jerezana (INMUJE) puntualiz\u00f3 que la lucha ha sido intensa, pero no est\u00e1 concluida, por lo que invit\u00f3 a todas y a todos a seguir trabajando con y para las mujeres.<\/p>\n<p>Es as\u00ed como la Brigada P\u00farpura ofreci\u00f3 a las asistentes consultas gratuitas de salud en Medicina General, Odontolog\u00eda, Nutrici\u00f3n y Psicolog\u00eda, adem\u00e1s de m\u00f3dulos de asesor\u00eda jur\u00eddica, cambio de imagen con corte de cabello, peinado y maquillaje, inscripciones gratuitas a talleres comunitarios y un taller de tecnolog\u00eda dom\u00e9stica para elaborar cloro y detergente para pisos.<\/p>\n","protected":false},"excerpt":{"rendered":"<p>El Sistema Municipal para el Desarrollo Integral de la Familia (SMDIF) se sum\u00f3 a las actividades del Ayuntamiento para conmemorar el D\u00eda Internacional de la Mujer, con una Brigada P\u00farpura que ofreci\u00f3 a las jerezanas asistencia gratuita en salud, legalidad y productividad dom\u00e9stica. Al dar arranque al evento, el presidente municipal se\u00f1al\u00f3 que es necesario [&hellip;]<\/p>\n","protected":false},"author":8,"featured_media":20107,"comment_status":"closed","ping_status":"closed","sticky":false,"template":"","format":"standard","meta":{"footnotes":""},"categories":[1370],"tags":[2171],"class_list":["post-20106","post","type-post","status-publish","format-standard","has-post-thumbnail","hentry","category-jerez","tag-destacado"],"_links":{"self":[{"href":"https:\/\/enconecte.com\/index.php?rest_route=\/wp\/v2\/posts\/20106","targetHints":{"allow":["GET"]}}],"collection":[{"href":"https:\/\/enconecte.com\/index.php?rest_route=\/wp\/v2\/posts"}],"about":[{"href":"https:\/\/enconecte.com\/index.php?rest_route=\/wp\/v2\/types\/post"}],"author":[{"embeddable":true,"href":"https:\/\/enconecte.com\/index.php?rest_route=\/wp\/v2\/users\/8"}],"replies":[{"embeddable":true,"href":"https:\/\/enconecte.com\/index.php?rest_route=%2Fwp%2Fv2%2Fcomments&post=20106"}],"version-history":[{"count":0,"href":"https:\/\/enconecte.com\/index.php?rest_route=\/wp\/v2\/posts\/20106\/revisions"}],"wp:featuredmedia":[{"embeddable":true,"href":"https:\/\/enconecte.com\/index.php?rest_route=\/wp\/v2\/media\/20107"}],"wp:attachment":[{"href":"https:\/\/enconecte.com\/index.php?rest_route=%2Fwp%2Fv2%2Fmedia&parent=20106"}],"wp:term":[{"taxonomy":"category","embeddable":true,"href":"https:\/\/enconecte.com\/index.php?rest_route=%2Fwp%2Fv2%2Fcategories&post=20106"},{"taxonomy":"post_tag","embeddable":true,"href":"https:\/\/enconecte.com\/index.php?rest_route=%2Fwp%2Fv2%2Ftags&post=20106"}],"curies":[{"name":"wp","href":"https:\/\/api.w.org\/{rel}","templated":true}]}}