{"id":19996,"date":"2022-01-28T13:14:51","date_gmt":"2022-01-28T19:14:51","guid":{"rendered":"http:\/\/enconecte.com\/?p=19996"},"modified":"2022-02-21T00:16:16","modified_gmt":"2022-02-21T06:16:16","slug":"atiende-obras-publicas-problematica-de-pavimento-en-el-acceso-a-la-casa-de-justicia","status":"publish","type":"post","link":"https:\/\/enconecte.com\/?p=19996","title":{"rendered":"ATIENDE OBRAS P\u00daBLICAS PROBLEM\u00c1TICA DE PAVIMENTO EN EL ACCESO A LA CASA DE JUSTICIA"},"content":{"rendered":"<p>La Direcci\u00f3n de Obras y Servicios P\u00fablicos inici\u00f3 la rehabilitaci\u00f3n del acceso a la Casa de Justicia, ubicada en la salida a Zacatecas, cuyo pavimento registraba deterioro propio del uso y paso del tiempo y que, adem\u00e1s de mala imagen, representaba dificultades para las personas que cotidianamente acuden a las instancias ubicadas en este complejo del Poder Judicial.<\/p>\n<p>El titular del \u00e1rea, Alfredo Mar\u00edn Luna, precis\u00f3 que la ciudadan\u00eda expres\u00f3 la situaci\u00f3n al alcalde Jos\u00e9 Humberto Salazar Contreras, quien instruy\u00f3 de inmediato la intervenci\u00f3n, a efecto de corregir el da\u00f1o estructural en la superficie.<\/p>\n<p>Los trabajos se realizan en un \u00e1rea de 100 metros cuadrados, que comprenden parte de la calle y del estacionamiento, en los que se retir\u00f3 el material da\u00f1ado, adem\u00e1s de que se repuso la base, para luego de la compactaci\u00f3n adecuada, efectuar la colocaci\u00f3n del nuevo concreto hidr\u00e1ulico.<\/p>\n<p>De esta manera, se ofrecer\u00e1 un espacio digno para los cientos de personas que diariamente acuden a las instancias que despachan en este lugar, como los juzgados, agencias del Ministerio P\u00fablico, visitadur\u00eda de la Comisi\u00f3n Estatal de Derechos Humanos (CEDH) y otros.<\/p>\n","protected":false},"excerpt":{"rendered":"<p>La Direcci\u00f3n de Obras y Servicios P\u00fablicos inici\u00f3 la rehabilitaci\u00f3n del acceso a la Casa de Justicia, ubicada en la salida a Zacatecas, cuyo pavimento registraba deterioro propio del uso y paso del tiempo y que, adem\u00e1s de mala imagen, representaba dificultades para las personas que cotidianamente acuden a las instancias ubicadas en este complejo [&hellip;]<\/p>\n","protected":false},"author":8,"featured_media":19997,"comment_status":"closed","ping_status":"closed","sticky":false,"template":"","format":"standard","meta":{"footnotes":""},"categories":[1370],"tags":[],"class_list":["post-19996","post","type-post","status-publish","format-standard","has-post-thumbnail","hentry","category-jerez"],"_links":{"self":[{"href":"https:\/\/enconecte.com\/index.php?rest_route=\/wp\/v2\/posts\/19996","targetHints":{"allow":["GET"]}}],"collection":[{"href":"https:\/\/enconecte.com\/index.php?rest_route=\/wp\/v2\/posts"}],"about":[{"href":"https:\/\/enconecte.com\/index.php?rest_route=\/wp\/v2\/types\/post"}],"author":[{"embeddable":true,"href":"https:\/\/enconecte.com\/index.php?rest_route=\/wp\/v2\/users\/8"}],"replies":[{"embeddable":true,"href":"https:\/\/enconecte.com\/index.php?rest_route=%2Fwp%2Fv2%2Fcomments&post=19996"}],"version-history":[{"count":0,"href":"https:\/\/enconecte.com\/index.php?rest_route=\/wp\/v2\/posts\/19996\/revisions"}],"wp:featuredmedia":[{"embeddable":true,"href":"https:\/\/enconecte.com\/index.php?rest_route=\/wp\/v2\/media\/19997"}],"wp:attachment":[{"href":"https:\/\/enconecte.com\/index.php?rest_route=%2Fwp%2Fv2%2Fmedia&parent=19996"}],"wp:term":[{"taxonomy":"category","embeddable":true,"href":"https:\/\/enconecte.com\/index.php?rest_route=%2Fwp%2Fv2%2Fcategories&post=19996"},{"taxonomy":"post_tag","embeddable":true,"href":"https:\/\/enconecte.com\/index.php?rest_route=%2Fwp%2Fv2%2Ftags&post=19996"}],"curies":[{"name":"wp","href":"https:\/\/api.w.org\/{rel}","templated":true}]}}