{"id":19994,"date":"2022-01-27T18:13:13","date_gmt":"2022-01-28T00:13:13","guid":{"rendered":"http:\/\/enconecte.com\/?p=19994"},"modified":"2022-02-21T00:14:34","modified_gmt":"2022-02-21T06:14:34","slug":"restablecen-la-iluminacion-en-la-salida-a-santa-rita","status":"publish","type":"post","link":"https:\/\/enconecte.com\/?p=19994","title":{"rendered":"RESTABLECEN LA ILUMINACI\u00d3N EN LA SALIDA A SANTA RITA"},"content":{"rendered":"<p><strong>&#8211; Para aminorar el robo de material, sustituyen el cable de cobre por aluminio.<\/strong><\/p>\n<p>La Direcci\u00f3n de Obras y Servicios P\u00fablicos, a trav\u00e9s del Departamento de Alumbrado P\u00fablico, restableci\u00f3 la iluminaci\u00f3n de la salida a Santa Rita, desde el cruce con la avenida Suave Patria, hasta la Colonia Patria Nueva, situaci\u00f3n que hab\u00eda sido una de las recurrentes peticiones de la ciudadan\u00eda, desde que asumi\u00f3 el cargo el gobierno que encabeza el doctor Jos\u00e9 Humberto Salazar Contreras.<\/p>\n<p>Tal como se est\u00e1 haciendo en otros puntos de la ciudad, en esta avenida denominada como Melchor Ocampo, se restableci\u00f3 el sistema de cableado que anteriormente era de cobre, material que es objeto frecuente de robo, por lo que se ha optado por cambiar la l\u00ednea por cable de aluminio, para la alimentaci\u00f3n general e individual, en un tramo de mil 200 metros, poniendo en funcionamiento el total de luminarias de 22 postes.<\/p>\n<p>De esta manera, vecinos de las colonias que confluyen con esta v\u00eda, as\u00ed como trabajadores de la f\u00e1brica que deben trasladarse muy temprano a sus labores, pueden transitar ahora con menor exposici\u00f3n de riesgo, al quedar atr\u00e1s la oscuridad que durante meses prevaleci\u00f3 en el sector, a consecuencia del robo de cable.<\/p>\n<p>El director de Obras y Servicios P\u00fablicos Alfredo Mar\u00edn Luna dio a conocer que trabajadores del \u00e1rea contin\u00faan atendiendo este tipo de problemas y, en este sentido, tambi\u00e9n se restablecieron las l\u00e1mparas que ten\u00edan alguna falla en el Boulevard del \u00c1lamo del fraccionamiento Bosques, con lo que la iluminaci\u00f3n en esta v\u00eda tambi\u00e9n qued\u00f3 restablecida en su totalidad.<\/p>\n","protected":false},"excerpt":{"rendered":"<p>&#8211; Para aminorar el robo de material, sustituyen el cable de cobre por aluminio. La Direcci\u00f3n de Obras y Servicios P\u00fablicos, a trav\u00e9s del Departamento de Alumbrado P\u00fablico, restableci\u00f3 la iluminaci\u00f3n de la salida a Santa Rita, desde el cruce con la avenida Suave Patria, hasta la Colonia Patria Nueva, situaci\u00f3n que hab\u00eda sido una [&hellip;]<\/p>\n","protected":false},"author":8,"featured_media":19995,"comment_status":"closed","ping_status":"closed","sticky":false,"template":"","format":"standard","meta":{"footnotes":""},"categories":[1370],"tags":[],"class_list":["post-19994","post","type-post","status-publish","format-standard","has-post-thumbnail","hentry","category-jerez"],"_links":{"self":[{"href":"https:\/\/enconecte.com\/index.php?rest_route=\/wp\/v2\/posts\/19994","targetHints":{"allow":["GET"]}}],"collection":[{"href":"https:\/\/enconecte.com\/index.php?rest_route=\/wp\/v2\/posts"}],"about":[{"href":"https:\/\/enconecte.com\/index.php?rest_route=\/wp\/v2\/types\/post"}],"author":[{"embeddable":true,"href":"https:\/\/enconecte.com\/index.php?rest_route=\/wp\/v2\/users\/8"}],"replies":[{"embeddable":true,"href":"https:\/\/enconecte.com\/index.php?rest_route=%2Fwp%2Fv2%2Fcomments&post=19994"}],"version-history":[{"count":0,"href":"https:\/\/enconecte.com\/index.php?rest_route=\/wp\/v2\/posts\/19994\/revisions"}],"wp:featuredmedia":[{"embeddable":true,"href":"https:\/\/enconecte.com\/index.php?rest_route=\/wp\/v2\/media\/19995"}],"wp:attachment":[{"href":"https:\/\/enconecte.com\/index.php?rest_route=%2Fwp%2Fv2%2Fmedia&parent=19994"}],"wp:term":[{"taxonomy":"category","embeddable":true,"href":"https:\/\/enconecte.com\/index.php?rest_route=%2Fwp%2Fv2%2Fcategories&post=19994"},{"taxonomy":"post_tag","embeddable":true,"href":"https:\/\/enconecte.com\/index.php?rest_route=%2Fwp%2Fv2%2Ftags&post=19994"}],"curies":[{"name":"wp","href":"https:\/\/api.w.org\/{rel}","templated":true}]}}