{"id":19992,"date":"2022-01-27T17:45:17","date_gmt":"2022-01-27T23:45:17","guid":{"rendered":"http:\/\/enconecte.com\/?p=19992"},"modified":"2022-05-02T13:49:38","modified_gmt":"2022-05-02T18:49:38","slug":"convoca-la-alcaldia-a-jovenes-jerezanos-a-sumarse-en-la-organizacion-de-la-feria-de-primavera-2022","status":"publish","type":"post","link":"https:\/\/enconecte.com\/?p=19992","title":{"rendered":"CONVOCA LA ALCALD\u00cdA A J\u00d3VENES JEREZANOS A SUMARSE EN LA ORGANIZACI\u00d3N DE LA FERIA DE PRIMAVERA 2022"},"content":{"rendered":"<p>Convencidos de que la experiencia laboral es un recurso muy valioso, el Ayuntamiento de Jerez, a trav\u00e9s de su Instituto Jerezano de la Juventud INJUVE, lanz\u00f3 la convocatoria dirijida a j\u00f3venes estudiantes de 18 a 26 a\u00f1os para participar junto al comit\u00e9 de la Feria de Primavera Jerez en su edici\u00f3n 2022, haciendo su servicio social en el \u00e1rea administrativa donde se estar\u00e1 aportando directamente a la creaci\u00f3n y organizaci\u00f3n de tan representativo evento para el pueblo de Jerez.<\/p>\n<p>Fue en las instalaciones de este instituto donde Marlineth Carrillo D\u00edaz, titular de INJUVE, dio a conocer los requisitos para la integraci\u00f3n de los interesados en las diferentes actividades, destacando que &#8220;no hay conocimiento m\u00e1s capitalizable que el obtenido directo en las trincheras, y desde el Ayuntamiento de Jerez queremos acercar a los y las j\u00f3venes a ambientes laborales reales&#8221;, agreg\u00f3.<\/p>\n<p>En este sentido, tambi\u00e9n se inform\u00f3 que el principal objetivo es &#8220;ofertar a nuestros j\u00f3venes espacios de desarrollo en su formaci\u00f3n profesional&#8221;, coment\u00f3, destacando que, en coordinaci\u00f3n con el Comit\u00e9 de Feria, se busca aportar una experiencia significativa y retadora a la juventud jerezana.<\/p>\n<p>Finalmente, se hizo el exhorto a las y los j\u00f3venes jerezanos para participar en un evento de estas caracter\u00edsticas, &#8220;que los ayudar\u00e1 a obtener un set de habilidades, competencias y talentos muy \u00fatiles para el futuro&#8221;, agreg\u00f3 la funcionaria.<\/p>\n","protected":false},"excerpt":{"rendered":"<p>Convencidos de que la experiencia laboral es un recurso muy valioso, el Ayuntamiento de Jerez, a trav\u00e9s de su Instituto Jerezano de la Juventud INJUVE, lanz\u00f3 la convocatoria dirijida a j\u00f3venes estudiantes de 18 a 26 a\u00f1os para participar junto al comit\u00e9 de la Feria de Primavera Jerez en su edici\u00f3n 2022, haciendo su servicio [&hellip;]<\/p>\n","protected":false},"author":8,"featured_media":19993,"comment_status":"closed","ping_status":"closed","sticky":false,"template":"","format":"standard","meta":{"footnotes":""},"categories":[2175,1370],"tags":[],"class_list":["post-19992","post","type-post","status-publish","format-standard","has-post-thumbnail","hentry","category-feria-jerez","category-jerez"],"_links":{"self":[{"href":"https:\/\/enconecte.com\/index.php?rest_route=\/wp\/v2\/posts\/19992","targetHints":{"allow":["GET"]}}],"collection":[{"href":"https:\/\/enconecte.com\/index.php?rest_route=\/wp\/v2\/posts"}],"about":[{"href":"https:\/\/enconecte.com\/index.php?rest_route=\/wp\/v2\/types\/post"}],"author":[{"embeddable":true,"href":"https:\/\/enconecte.com\/index.php?rest_route=\/wp\/v2\/users\/8"}],"replies":[{"embeddable":true,"href":"https:\/\/enconecte.com\/index.php?rest_route=%2Fwp%2Fv2%2Fcomments&post=19992"}],"version-history":[{"count":0,"href":"https:\/\/enconecte.com\/index.php?rest_route=\/wp\/v2\/posts\/19992\/revisions"}],"wp:featuredmedia":[{"embeddable":true,"href":"https:\/\/enconecte.com\/index.php?rest_route=\/wp\/v2\/media\/19993"}],"wp:attachment":[{"href":"https:\/\/enconecte.com\/index.php?rest_route=%2Fwp%2Fv2%2Fmedia&parent=19992"}],"wp:term":[{"taxonomy":"category","embeddable":true,"href":"https:\/\/enconecte.com\/index.php?rest_route=%2Fwp%2Fv2%2Fcategories&post=19992"},{"taxonomy":"post_tag","embeddable":true,"href":"https:\/\/enconecte.com\/index.php?rest_route=%2Fwp%2Fv2%2Ftags&post=19992"}],"curies":[{"name":"wp","href":"https:\/\/api.w.org\/{rel}","templated":true}]}}