{"id":19990,"date":"2022-01-27T17:20:02","date_gmt":"2022-01-27T23:20:02","guid":{"rendered":"http:\/\/enconecte.com\/?p=19990"},"modified":"2022-02-21T00:08:53","modified_gmt":"2022-02-21T06:08:53","slug":"prepara-ijc-agenda-cultural-virtual-para-febrero","status":"publish","type":"post","link":"https:\/\/enconecte.com\/?p=19990","title":{"rendered":"PREPARA IJC AGENDA CULTURAL VIRTUAL PARA FEBRERO"},"content":{"rendered":"<p>El Ayuntamiento de Jerez a trav\u00e9s del Instituto Jerezano de Cultura (IJC) promueve la agenda de actividades culturales que se compartir\u00e1n en formato digital el pr\u00f3ximo mes de febrero, con la destacada colaboraci\u00f3n del Colegio Nacional y el Instituto Zacatecano de Cultura.<\/p>\n<p>El director del IJC Gerardo Luna Tumoine llev\u00f3 a cabo la gesti\u00f3n con ambas instituciones para compartir los contenidos digitales a trav\u00e9s de la red social y por este medio dar continuidad a la promoci\u00f3n de la cultura en el municipio.<\/p>\n<p>El Colegio Nacional compartir\u00e1 desde su plataforma interesantes actividades virtuales en el mes de febrero, iniciando el jueves 3 a las 6 de tarde con la conferencia \u201cGrandes Cr\u00edticos Literarios del siglo XX Viacheslav Ivanov y la Cr\u00edtica Religiosa Rusa\u201d, que coordina e imparte Christopher Dom\u00ednguez Michael con la participaci\u00f3n de Diego Valad\u00e9s.<\/p>\n<p>Por su parte, el Instituto Zacatecano de Cultura hizo extensiva la invitaci\u00f3n al Diplomado Internacional de Gesti\u00f3n Cultural, impartido por la Universidad Nacional de Colombia del 4 de febrero al 9 de abril.<\/p>\n<p>Localmente se compartir\u00e1n contenidos con la participaci\u00f3n de artistas y colaboradores, promoviendo las disciplinas de las Bellas Artes, as\u00ed como espacios donde se imparten las mismas y son parte del IJC como son, la Escuela de M\u00fasica Candelario Hu\u00edzar, Talleres de Iniciaci\u00f3n Art\u00edstica, Escuela de Iniciaci\u00f3n Art\u00edstica Asociada con el INBAL y grupos de difusi\u00f3n.<\/p>\n<p>Ante la crisis de salud que deriv\u00f3 en el cambio de semaforizaci\u00f3n, se suspendieron los eventos presenciales que integraban la agenda cultural del Instituto Jerezano de Cultura, sin embargo, Luna Tumoine precis\u00f3 que se realizar\u00e1n homenajes y conmemoraci\u00f3n cumpliendo con las medidas sanitarias como son los aniversarios del natalicio de Candelario Hu\u00edzar y luctuoso de Francisco de Santiago Silva, el pr\u00f3ximo 2 de febrero.<\/p>\n","protected":false},"excerpt":{"rendered":"<p>El Ayuntamiento de Jerez a trav\u00e9s del Instituto Jerezano de Cultura (IJC) promueve la agenda de actividades culturales que se compartir\u00e1n en formato digital el pr\u00f3ximo mes de febrero, con la destacada colaboraci\u00f3n del Colegio Nacional y el Instituto Zacatecano de Cultura. El director del IJC Gerardo Luna Tumoine llev\u00f3 a cabo la gesti\u00f3n con [&hellip;]<\/p>\n","protected":false},"author":8,"featured_media":19991,"comment_status":"closed","ping_status":"closed","sticky":false,"template":"","format":"standard","meta":{"footnotes":""},"categories":[1370],"tags":[],"class_list":["post-19990","post","type-post","status-publish","format-standard","has-post-thumbnail","hentry","category-jerez"],"_links":{"self":[{"href":"https:\/\/enconecte.com\/index.php?rest_route=\/wp\/v2\/posts\/19990","targetHints":{"allow":["GET"]}}],"collection":[{"href":"https:\/\/enconecte.com\/index.php?rest_route=\/wp\/v2\/posts"}],"about":[{"href":"https:\/\/enconecte.com\/index.php?rest_route=\/wp\/v2\/types\/post"}],"author":[{"embeddable":true,"href":"https:\/\/enconecte.com\/index.php?rest_route=\/wp\/v2\/users\/8"}],"replies":[{"embeddable":true,"href":"https:\/\/enconecte.com\/index.php?rest_route=%2Fwp%2Fv2%2Fcomments&post=19990"}],"version-history":[{"count":0,"href":"https:\/\/enconecte.com\/index.php?rest_route=\/wp\/v2\/posts\/19990\/revisions"}],"wp:featuredmedia":[{"embeddable":true,"href":"https:\/\/enconecte.com\/index.php?rest_route=\/wp\/v2\/media\/19991"}],"wp:attachment":[{"href":"https:\/\/enconecte.com\/index.php?rest_route=%2Fwp%2Fv2%2Fmedia&parent=19990"}],"wp:term":[{"taxonomy":"category","embeddable":true,"href":"https:\/\/enconecte.com\/index.php?rest_route=%2Fwp%2Fv2%2Fcategories&post=19990"},{"taxonomy":"post_tag","embeddable":true,"href":"https:\/\/enconecte.com\/index.php?rest_route=%2Fwp%2Fv2%2Ftags&post=19990"}],"curies":[{"name":"wp","href":"https:\/\/api.w.org\/{rel}","templated":true}]}}