{"id":19952,"date":"2022-01-25T15:57:41","date_gmt":"2022-01-25T21:57:41","guid":{"rendered":"http:\/\/enconecte.com\/?p=19952"},"modified":"2022-01-26T13:58:29","modified_gmt":"2022-01-26T19:58:29","slug":"dif-ofrece-capacitacion-de-activacion-fisica-para-adultos-mayores","status":"publish","type":"post","link":"https:\/\/enconecte.com\/?p=19952","title":{"rendered":"DIF OFRECE CAPACITACI\u00d3N DE ACTIVACI\u00d3N F\u00cdSICA PARA ADULTOS MAYORES"},"content":{"rendered":"<p>A fin proporcionar la ciudadan\u00eda herramientas para su bienestar, el DIF de Jerez inici\u00f3 con una Capacitaci\u00f3n de Activaci\u00f3n F\u00edsica para Adultos Mayores, dirigida a las promotoras encargados de grupos de la tercera edad.<\/p>\n<p>La titular de la Jefatura de Servicios Luz Olivia S\u00e1nchez Bonilla extern\u00f3 que los adultos mayores necesitan, hoy m\u00e1s que nunca, medios para fortalecer su salud, si\u00e9ndoles de utilidad conocer que existen ejercicios con los que pueden rescatar su movilidad.<\/p>\n<p>En ese sentido, profesionistas de la Unidad B\u00e1sica de Rehabilitaci\u00f3n (UBR) arrancaron el primer d\u00eda de capacitaci\u00f3n de un total de tres, enfocados en las tem\u00e1ticas de desgaste de articulaciones y p\u00e9rdida de fuerza o equilibrio.<\/p>\n","protected":false},"excerpt":{"rendered":"<p>A fin proporcionar la ciudadan\u00eda herramientas para su bienestar, el DIF de Jerez inici\u00f3 con una Capacitaci\u00f3n de Activaci\u00f3n F\u00edsica para Adultos Mayores, dirigida a las promotoras encargados de grupos de la tercera edad. La titular de la Jefatura de Servicios Luz Olivia S\u00e1nchez Bonilla extern\u00f3 que los adultos mayores necesitan, hoy m\u00e1s que nunca, [&hellip;]<\/p>\n","protected":false},"author":9,"featured_media":19953,"comment_status":"closed","ping_status":"closed","sticky":false,"template":"","format":"standard","meta":{"footnotes":""},"categories":[1370],"tags":[],"class_list":["post-19952","post","type-post","status-publish","format-standard","has-post-thumbnail","hentry","category-jerez"],"_links":{"self":[{"href":"https:\/\/enconecte.com\/index.php?rest_route=\/wp\/v2\/posts\/19952","targetHints":{"allow":["GET"]}}],"collection":[{"href":"https:\/\/enconecte.com\/index.php?rest_route=\/wp\/v2\/posts"}],"about":[{"href":"https:\/\/enconecte.com\/index.php?rest_route=\/wp\/v2\/types\/post"}],"author":[{"embeddable":true,"href":"https:\/\/enconecte.com\/index.php?rest_route=\/wp\/v2\/users\/9"}],"replies":[{"embeddable":true,"href":"https:\/\/enconecte.com\/index.php?rest_route=%2Fwp%2Fv2%2Fcomments&post=19952"}],"version-history":[{"count":0,"href":"https:\/\/enconecte.com\/index.php?rest_route=\/wp\/v2\/posts\/19952\/revisions"}],"wp:featuredmedia":[{"embeddable":true,"href":"https:\/\/enconecte.com\/index.php?rest_route=\/wp\/v2\/media\/19953"}],"wp:attachment":[{"href":"https:\/\/enconecte.com\/index.php?rest_route=%2Fwp%2Fv2%2Fmedia&parent=19952"}],"wp:term":[{"taxonomy":"category","embeddable":true,"href":"https:\/\/enconecte.com\/index.php?rest_route=%2Fwp%2Fv2%2Fcategories&post=19952"},{"taxonomy":"post_tag","embeddable":true,"href":"https:\/\/enconecte.com\/index.php?rest_route=%2Fwp%2Fv2%2Ftags&post=19952"}],"curies":[{"name":"wp","href":"https:\/\/api.w.org\/{rel}","templated":true}]}}