{"id":19950,"date":"2022-01-26T12:55:18","date_gmt":"2022-01-26T18:55:18","guid":{"rendered":"http:\/\/enconecte.com\/?p=19950"},"modified":"2022-05-02T13:49:48","modified_gmt":"2022-05-02T18:49:48","slug":"preparamos-una-feria-de-altura-hagamos-que-suceda-salazar-contreras","status":"publish","type":"post","link":"https:\/\/enconecte.com\/?p=19950","title":{"rendered":"PREPARAMOS UNA FERIA DE ALTURA, HAGAMOS QUE SUCEDA: SALAZAR CONTRERAS"},"content":{"rendered":"<p>&#8211; Seamos cautelosos y cuid\u00e9monos para poder llegar a este objetivo, se\u00f1al\u00f3 el alcalde<br \/>\n&#8211; Se organiza una feria que supere todas las expectativas, con la visi\u00f3n de que la salud como prioridad, afirm\u00f3 V\u00edctor Manuel de Santiago<\/p>\n<p>\u201cHagamos que suceda, eso lo vamos a lograr solamente si nos cuidamos\u201d, dijo el alcalde Jos\u00e9 Humberto Salazar Contreras, al encabezar la conferencia de prensa del Comit\u00e9 de Feria, donde precis\u00f3 que, aunque se mantiene la expectativa de que si el pico de la pandemia ha tenido un ascenso r\u00e1pido tenga tambi\u00e9n un descenso acelerado, fue enf\u00e1tico en todo momento en el sentido de que el m\u00e1ximo festejo de los jerezanos s\u00f3lo se desarrollar\u00e1 si las condiciones de salud lo permiten.<\/p>\n<p>Durante el encuentro con los medios de comunicaci\u00f3n y en presencia de la presidenta del sistema municipal DIF Bertha Alicia Garc\u00eda Duarte, regidores y funcionarios, as\u00ed como la totalidad de integrantes del comit\u00e9 ferial, se devel\u00f3 la imagen del logotipo oficial de la Feria de Primavera 2022, as\u00ed como los de los comit\u00e9s de Reina, cultura y turismo, el de deporte y de la exposici\u00f3n ganadera, adem\u00e1s de presentarse las convocatorias para la elaboraci\u00f3n del cartel y la de la elecci\u00f3n de reina.<\/p>\n<p>El mun\u00edcipe afirm\u00f3 que se est\u00e1 trabajando duro desde hace meses en la preparaci\u00f3n del evento, por si pudiera llevarse a cabo como se desea, con la voluntad de hacer una feria de altura, con cultura, fiesta y alegr\u00eda, que a su vez genere movimiento econ\u00f3mico, pero insisti\u00f3, en que hay que ser cautelosos y cuidarnos para llegar a ese objetivo.<\/p>\n<p>Por su parte, el presidente del comit\u00e9 organizador V\u00edctor Manuel de Santiago Gonz\u00e1lez dej\u00f3 en claro que la prioridad es la salud y, con ello en mente, se organiza una Feria de Primavera que supere las expectativas y sea punto de referencia para el presente y el futuro; para que aquellos que nos visiten se enamoren de las maravillas de nuestro pueblo y que el grandioso recuerdo de esta feria perdure en el tiempo.<\/p>\n<p>Pero para hacer que suceda, insisti\u00f3, \u201ccuid\u00e9monos todos para que el regreso de la Feria de Primavera sea a lo grande. Celebraremos el 450 aniversario de Jerez con una Feria que resuene dentro y fuera de nuestras fronteras\u201d.<\/p>\n<p>Dijo que se busca que esta edici\u00f3n sea una experiencia significativa y anticip\u00f3 que se dise\u00f1a un programa de la m\u00e1s alta calidad, que refleje la magia de nuestro pueblo y que despu\u00e9s de la complicada \u00e9poca que se ha vivido, la alegr\u00eda vuelva a recorrer nuestras calles. Agreg\u00f3 que una feria de estas dimensiones requiere de planeaci\u00f3n, por lo que se iniciaron los preparativos, que est\u00e1n sujetos a que las condiciones de salud lo permitan.<\/p>\n<p>Ante las c\u00e1maras y dispositivos m\u00f3viles, el alcalde Jos\u00e9 Humberto Salazar Contreras devel\u00f3 los cinco logotipos, adem\u00e1s de que se dio a conocer la convocatoria para la elecci\u00f3n de reina, para las jovencitas de 18 a 23 a\u00f1os, en un mecanismo abierto pero que para la selecci\u00f3n de las tres finalistas se adecuar\u00e1 a las condiciones actuales; asimismo se oficializ\u00f3 el concurso para la elaboraci\u00f3n del cartel de feria, con un premio de 10 mil pesos al ganador.<br \/>\nLas bases en ambos casos pueden consultarse en las redes sociales oficiales del comit\u00e9 (antes patronato), en Facebook Feria de Primavera Jerez 2022, Instagram @feriadeprimaverajerez2022 y YouTube Feria de Primavera Jerez Oficial.<\/p>\n<p>Dentro del proyecto se pretende posicionar a la feria como una marca de prestigio, ofreciendo productos oficiales para su venta al p\u00fablico, adem\u00e1s de que se har\u00e1 un intenso movimiento en redes sociales, para la publicaci\u00f3n de convocatorias, comunicados y cualquier informaci\u00f3n relevante.<\/p>\n","protected":false},"excerpt":{"rendered":"<p>&#8211; Seamos cautelosos y cuid\u00e9monos para poder llegar a este objetivo, se\u00f1al\u00f3 el alcalde &#8211; Se organiza una feria que supere todas las expectativas, con la visi\u00f3n de que la salud como prioridad, afirm\u00f3 V\u00edctor Manuel de Santiago \u201cHagamos que suceda, eso lo vamos a lograr solamente si nos cuidamos\u201d, dijo el alcalde Jos\u00e9 Humberto [&hellip;]<\/p>\n","protected":false},"author":9,"featured_media":19951,"comment_status":"closed","ping_status":"closed","sticky":false,"template":"","format":"standard","meta":{"footnotes":""},"categories":[2175,1370],"tags":[2171],"class_list":["post-19950","post","type-post","status-publish","format-standard","has-post-thumbnail","hentry","category-feria-jerez","category-jerez","tag-destacado"],"_links":{"self":[{"href":"https:\/\/enconecte.com\/index.php?rest_route=\/wp\/v2\/posts\/19950","targetHints":{"allow":["GET"]}}],"collection":[{"href":"https:\/\/enconecte.com\/index.php?rest_route=\/wp\/v2\/posts"}],"about":[{"href":"https:\/\/enconecte.com\/index.php?rest_route=\/wp\/v2\/types\/post"}],"author":[{"embeddable":true,"href":"https:\/\/enconecte.com\/index.php?rest_route=\/wp\/v2\/users\/9"}],"replies":[{"embeddable":true,"href":"https:\/\/enconecte.com\/index.php?rest_route=%2Fwp%2Fv2%2Fcomments&post=19950"}],"version-history":[{"count":0,"href":"https:\/\/enconecte.com\/index.php?rest_route=\/wp\/v2\/posts\/19950\/revisions"}],"wp:featuredmedia":[{"embeddable":true,"href":"https:\/\/enconecte.com\/index.php?rest_route=\/wp\/v2\/media\/19951"}],"wp:attachment":[{"href":"https:\/\/enconecte.com\/index.php?rest_route=%2Fwp%2Fv2%2Fmedia&parent=19950"}],"wp:term":[{"taxonomy":"category","embeddable":true,"href":"https:\/\/enconecte.com\/index.php?rest_route=%2Fwp%2Fv2%2Fcategories&post=19950"},{"taxonomy":"post_tag","embeddable":true,"href":"https:\/\/enconecte.com\/index.php?rest_route=%2Fwp%2Fv2%2Ftags&post=19950"}],"curies":[{"name":"wp","href":"https:\/\/api.w.org\/{rel}","templated":true}]}}