{"id":19948,"date":"2022-01-26T13:55:00","date_gmt":"2022-01-26T19:55:00","guid":{"rendered":"http:\/\/enconecte.com\/?p=19948"},"modified":"2022-01-26T13:57:17","modified_gmt":"2022-01-26T19:57:17","slug":"por-el-bienestar-de-la-zona-rural-en-jerez-humberto-salazar-toma-protesta-a-los-76-delegados-de-las-comunidades","status":"publish","type":"post","link":"https:\/\/enconecte.com\/?p=19948","title":{"rendered":"POR EL BIENESTAR DE LA ZONA RURAL EN JEREZ, HUMBERTO SALAZAR TOMA PROTESTA A LOS 76 DELEGADOS DE LAS COMUNIDADES"},"content":{"rendered":"<p>Convencido de la importancia de las comunidades en el municipio, el presidente Humberto Salazar Contreras hizo entrega oficial de los nombramientos a delegados que estar\u00e1n representando a cada comunidad de Jerez. Fue el en foyer del teatro Hinojosa donde realiz\u00f3 dicha entrega a los 76 delegadas y delegados que tomaron protesta para cumplir y hacer cumplir los reglamentos establecidos en el Diario Oficial.<\/p>\n<p>El presidente expres\u00f3 total disposici\u00f3n de resolver los problemas m\u00e1s prioritarios de cada espacio y se comprometi\u00f3 a tener cercan\u00eda con todos para poder conocer de primera mano las necesidades de cada uno.<\/p>\n<p>En su mensaje, Marco Antonio Vargas Duarte Secretario de Gobierno del municipio indic\u00f3 que es un honor trabajar con gente honesta, que son, adem\u00e1s, &#8220;nuestros ojos, voz y brazos para que nos indiquen el camino a seguir, pues son la primera expresi\u00f3n de representaci\u00f3n popular, electos en una asamblea para que sus propuestas se materializaran&#8221;, agreg\u00f3.<\/p>\n<p>Previo a tomarles protesta, el primer edil destac\u00f3 que se trata de un trabajo realizado entre todos los ciudadanos, no s\u00f3lo en la zona urbana sino tambi\u00e9n en la zona rural, &#8220;por eso estamos aqu\u00ed, para fortalecer el compromiso de servirles&#8221;, coment\u00f3, destacando que se trata de un trabajo en equipo, realizado por mujeres, hombres, j\u00f3venes y personas con experiencia que, sin lugar a dudas, aportar\u00e1n lo mejor de s\u00ed mismos.<\/p>\n<p>Finalmente, el doctor Salazar reconoci\u00f3 y agradeci\u00f3 a las y los delegados de las comunidades por el arduo trabajo que realizan pero, sobre todo, &#8220;por esa confianza que han depositado en nosotros para hacer equipo&#8221;, coment\u00f3 tras comprometerse a gestionar una mayor cantidad de recursos de nivel estatal y federal en beneficio de las comunidades.<\/p>\n","protected":false},"excerpt":{"rendered":"<p>Convencido de la importancia de las comunidades en el municipio, el presidente Humberto Salazar Contreras hizo entrega oficial de los nombramientos a delegados que estar\u00e1n representando a cada comunidad de Jerez. Fue el en foyer del teatro Hinojosa donde realiz\u00f3 dicha entrega a los 76 delegadas y delegados que tomaron protesta para cumplir y hacer [&hellip;]<\/p>\n","protected":false},"author":9,"featured_media":19949,"comment_status":"closed","ping_status":"closed","sticky":false,"template":"","format":"standard","meta":{"footnotes":""},"categories":[1370],"tags":[],"class_list":["post-19948","post","type-post","status-publish","format-standard","has-post-thumbnail","hentry","category-jerez"],"_links":{"self":[{"href":"https:\/\/enconecte.com\/index.php?rest_route=\/wp\/v2\/posts\/19948","targetHints":{"allow":["GET"]}}],"collection":[{"href":"https:\/\/enconecte.com\/index.php?rest_route=\/wp\/v2\/posts"}],"about":[{"href":"https:\/\/enconecte.com\/index.php?rest_route=\/wp\/v2\/types\/post"}],"author":[{"embeddable":true,"href":"https:\/\/enconecte.com\/index.php?rest_route=\/wp\/v2\/users\/9"}],"replies":[{"embeddable":true,"href":"https:\/\/enconecte.com\/index.php?rest_route=%2Fwp%2Fv2%2Fcomments&post=19948"}],"version-history":[{"count":0,"href":"https:\/\/enconecte.com\/index.php?rest_route=\/wp\/v2\/posts\/19948\/revisions"}],"wp:featuredmedia":[{"embeddable":true,"href":"https:\/\/enconecte.com\/index.php?rest_route=\/wp\/v2\/media\/19949"}],"wp:attachment":[{"href":"https:\/\/enconecte.com\/index.php?rest_route=%2Fwp%2Fv2%2Fmedia&parent=19948"}],"wp:term":[{"taxonomy":"category","embeddable":true,"href":"https:\/\/enconecte.com\/index.php?rest_route=%2Fwp%2Fv2%2Fcategories&post=19948"},{"taxonomy":"post_tag","embeddable":true,"href":"https:\/\/enconecte.com\/index.php?rest_route=%2Fwp%2Fv2%2Ftags&post=19948"}],"curies":[{"name":"wp","href":"https:\/\/api.w.org\/{rel}","templated":true}]}}