{"id":19857,"date":"2022-01-11T19:02:13","date_gmt":"2022-01-12T01:02:13","guid":{"rendered":"http:\/\/enconecte.com\/?p=19857"},"modified":"2022-05-02T13:51:26","modified_gmt":"2022-05-02T18:51:26","slug":"avala-el-cabildo-al-nuevo-comite-de-feria-el-alcalde-humberto-salazar-tomo-la-protesta-a-sus-integrantes","status":"publish","type":"post","link":"https:\/\/enconecte.com\/?p=19857","title":{"rendered":"AVALA EL CABILDO AL NUEVO COMIT\u00c9 DE FERIA, EL ALCALDE HUMBERTO SALAZAR TOM\u00d3 LA PROTESTA A SUS INTEGRANTES"},"content":{"rendered":"<p>&#8211; La festividad de los jerezanos sigue sujeta a las condiciones de salud.<\/p>\n<p>&#8211; Hoy existe otra visi\u00f3n, que el municipio no gaste y haya n\u00fameros negros: Salazar.<\/p>\n<p>El Ayuntamiento de Jerez aval\u00f3 por unanimidad el Comit\u00e9 para la Feria de Primavera Jerez 2022, mismo que de inmediato inici\u00f3 los preparativos para retomar la m\u00e1xima fiesta de los jerezanos, siempre y cuando las condiciones de salud lo permitan.<\/p>\n<p>Al tomar la protesta al nuevo Comit\u00e9 para la feria de Primavera Jerez 2022, el alcalde Jos\u00e9 Humberto Salazar Contreras, extern\u00f3 que hoy existe una nueva visi\u00f3n en la que se pretende que el municipio no gaste y a partir de ello &#8211;dijo&#8211;, si se logra que haya n\u00fameros negros y se genere una recaudaci\u00f3n, ser\u00eda mucho mejor. \u201cLos n\u00fameros hablan y obviamente la primera gesti\u00f3n del nuevo comit\u00e9 debe de verse con n\u00fameros sobre la mesa; pienso que va a ser muy positivo, yo conf\u00edo en eso\u201d, dijo el mun\u00edcipe.<\/p>\n<p>De esta manera el grupo est\u00e1 compuesto por V\u00edctor Manuel de Santiago Gonz\u00e1lez como presidente, Juan Miguel Ibarra Garc\u00eda como secretario T\u00e9cnico, Mar\u00eda Sanjuan Fuensanta Valdez Gonz\u00e1lez como tesorera, Jes\u00fas Moner Valdez Sabag como vocal administrativo; en la comisi\u00f3n de mercadotecnia Nancy Campa Mireles, log\u00edstica y organizaci\u00f3n Manuel Iv\u00e1n Gallegos P\u00e9rez, eventos culturales V\u00edctor Hugo Hu\u00edzar Iturriaga, eventos deportivos Armando Qui\u00f1ones Ortiz, elecci\u00f3n de candidatas a reina Luis Mario Mart\u00ednez Aparicio y Jaqueline Ultreras Aguilar y en los eventos agropecuarios Alberto Murillo.<\/p>\n<p>El Consejo de Vigilancia, estar\u00e1 a cargo de la regidora presidenta de la comisi\u00f3n de Desarrollo econ\u00f3mico Elizabeth Murillo Guerrero, la regidora Laila Karina Gonz\u00e1lez Lozano que preside la comisi\u00f3n de Planeaci\u00f3n y Desarrollo Administrativo, as\u00ed como el contralor David Alejandro Ju\u00e1rez Caldera.<\/p>\n<p>Durante la presentaci\u00f3n del comit\u00e9 ante el pleno del cabildo, se cuestion\u00f3 sobre la que se dijo, es hasta el momento es la pregunta m\u00e1s recurrente de la poblaci\u00f3n, en el sentido de si habr\u00e1 o no feria, lo cual quedara sujeto a la semaforizaci\u00f3n que prevalezca en su momento, sin embargo, considerando que es un evento que requiere de varios meses en su preparaci\u00f3n, se debe iniciar el proceso y en base a lo que determine la Comisi\u00f3n Federal para Riesgos Sanitarios(Cofepris) se decidir\u00e1 unos d\u00edas antes la cancelaci\u00f3n o continuar adelante, priorizando como visi\u00f3n la salud y el desarrollo econ\u00f3mico del municipio.<\/p>\n","protected":false},"excerpt":{"rendered":"<p>&#8211; La festividad de los jerezanos sigue sujeta a las condiciones de salud. &#8211; Hoy existe otra visi\u00f3n, que el municipio no gaste y haya n\u00fameros negros: Salazar. El Ayuntamiento de Jerez aval\u00f3 por unanimidad el Comit\u00e9 para la Feria de Primavera Jerez 2022, mismo que de inmediato inici\u00f3 los preparativos para retomar la m\u00e1xima [&hellip;]<\/p>\n","protected":false},"author":9,"featured_media":19858,"comment_status":"closed","ping_status":"closed","sticky":false,"template":"","format":"standard","meta":{"footnotes":""},"categories":[2175,1370],"tags":[],"class_list":["post-19857","post","type-post","status-publish","format-standard","has-post-thumbnail","hentry","category-feria-jerez","category-jerez"],"_links":{"self":[{"href":"https:\/\/enconecte.com\/index.php?rest_route=\/wp\/v2\/posts\/19857","targetHints":{"allow":["GET"]}}],"collection":[{"href":"https:\/\/enconecte.com\/index.php?rest_route=\/wp\/v2\/posts"}],"about":[{"href":"https:\/\/enconecte.com\/index.php?rest_route=\/wp\/v2\/types\/post"}],"author":[{"embeddable":true,"href":"https:\/\/enconecte.com\/index.php?rest_route=\/wp\/v2\/users\/9"}],"replies":[{"embeddable":true,"href":"https:\/\/enconecte.com\/index.php?rest_route=%2Fwp%2Fv2%2Fcomments&post=19857"}],"version-history":[{"count":0,"href":"https:\/\/enconecte.com\/index.php?rest_route=\/wp\/v2\/posts\/19857\/revisions"}],"wp:featuredmedia":[{"embeddable":true,"href":"https:\/\/enconecte.com\/index.php?rest_route=\/wp\/v2\/media\/19858"}],"wp:attachment":[{"href":"https:\/\/enconecte.com\/index.php?rest_route=%2Fwp%2Fv2%2Fmedia&parent=19857"}],"wp:term":[{"taxonomy":"category","embeddable":true,"href":"https:\/\/enconecte.com\/index.php?rest_route=%2Fwp%2Fv2%2Fcategories&post=19857"},{"taxonomy":"post_tag","embeddable":true,"href":"https:\/\/enconecte.com\/index.php?rest_route=%2Fwp%2Fv2%2Ftags&post=19857"}],"curies":[{"name":"wp","href":"https:\/\/api.w.org\/{rel}","templated":true}]}}