{"id":19853,"date":"2022-01-12T18:55:23","date_gmt":"2022-01-13T00:55:23","guid":{"rendered":"http:\/\/enconecte.com\/?p=19853"},"modified":"2022-05-02T14:12:51","modified_gmt":"2022-05-02T19:12:51","slug":"oficializan-la-cancelacion-de-la-jerezada-2022","status":"publish","type":"post","link":"https:\/\/enconecte.com\/?p=19853","title":{"rendered":"OFICIALIZAN LA CANCELACI\u00d3N DE LA JEREZADA 2022"},"content":{"rendered":"<p>&#8211; Es m\u00e1s importante en este momento priorizar la salud p\u00fablica; la Feria sujeta a las condiciones que se presenten<\/p>\n<p>Ante la situaci\u00f3n de salud que priva en este momento, el gobierno municipal de Jerez que encabeza el doctor Jos\u00e9 Humberto Salazar Contreras y directivos de la Pe\u00f1a Taurina \u201cLa Jerezana\u201d, oficializaron la cancelaci\u00f3n de la Jerezada en su edici\u00f3n 2022, que estaba programada para realizarse del 21 al 27 de febrero.<\/p>\n<p>En reuni\u00f3n con el presidente de la agrupaci\u00f3n, Alfredo Lozano Mota y algunos miembros de la misma, el alcalde precis\u00f3 que el pico de casos va en aumento, por lo que no hay condiciones para llevar a cabo el evento que, a la par con las festividades del Carnaval, generan una importante derrama econ\u00f3mica, sin embargo, es necesario priorizar la salud p\u00fablica.<\/p>\n<p>La Jerezada fue instituida el a\u00f1o de 1999 y la edici\u00f3n de 2020 fue el \u00faltimo evento p\u00fablico que se pudo realizar en este pueblo m\u00e1gico, antes de la contingencia sanitaria; al siguiente a\u00f1o fue necesaria su cancelaci\u00f3n y en \u00e9ste, aunque ya exist\u00edan algunos preparativos como la elaboraci\u00f3n del logotipo y avances en el programa, nuevamente se tom\u00f3 la decisi\u00f3n de suspenderla.<\/p>\n<p>Entretanto se inform\u00f3 que, no obstante que el comit\u00e9 respectivo tom\u00f3 protesta e inici\u00f3 de inmediato los preparativos para la Feria de Primavera 2022, su realizaci\u00f3n estar\u00e1 sujeta a las condiciones de salud que, llegado el momento se registren.<\/p>\n","protected":false},"excerpt":{"rendered":"<p>&#8211; Es m\u00e1s importante en este momento priorizar la salud p\u00fablica; la Feria sujeta a las condiciones que se presenten Ante la situaci\u00f3n de salud que priva en este momento, el gobierno municipal de Jerez que encabeza el doctor Jos\u00e9 Humberto Salazar Contreras y directivos de la Pe\u00f1a Taurina \u201cLa Jerezana\u201d, oficializaron la cancelaci\u00f3n de [&hellip;]<\/p>\n","protected":false},"author":9,"featured_media":19854,"comment_status":"closed","ping_status":"closed","sticky":false,"template":"","format":"standard","meta":{"footnotes":""},"categories":[4,1370],"tags":[2171],"class_list":["post-19853","post","type-post","status-publish","format-standard","has-post-thumbnail","hentry","category-entretenimiento","category-jerez","tag-destacado"],"_links":{"self":[{"href":"https:\/\/enconecte.com\/index.php?rest_route=\/wp\/v2\/posts\/19853","targetHints":{"allow":["GET"]}}],"collection":[{"href":"https:\/\/enconecte.com\/index.php?rest_route=\/wp\/v2\/posts"}],"about":[{"href":"https:\/\/enconecte.com\/index.php?rest_route=\/wp\/v2\/types\/post"}],"author":[{"embeddable":true,"href":"https:\/\/enconecte.com\/index.php?rest_route=\/wp\/v2\/users\/9"}],"replies":[{"embeddable":true,"href":"https:\/\/enconecte.com\/index.php?rest_route=%2Fwp%2Fv2%2Fcomments&post=19853"}],"version-history":[{"count":0,"href":"https:\/\/enconecte.com\/index.php?rest_route=\/wp\/v2\/posts\/19853\/revisions"}],"wp:featuredmedia":[{"embeddable":true,"href":"https:\/\/enconecte.com\/index.php?rest_route=\/wp\/v2\/media\/19854"}],"wp:attachment":[{"href":"https:\/\/enconecte.com\/index.php?rest_route=%2Fwp%2Fv2%2Fmedia&parent=19853"}],"wp:term":[{"taxonomy":"category","embeddable":true,"href":"https:\/\/enconecte.com\/index.php?rest_route=%2Fwp%2Fv2%2Fcategories&post=19853"},{"taxonomy":"post_tag","embeddable":true,"href":"https:\/\/enconecte.com\/index.php?rest_route=%2Fwp%2Fv2%2Ftags&post=19853"}],"curies":[{"name":"wp","href":"https:\/\/api.w.org\/{rel}","templated":true}]}}