{"id":17983,"date":"2021-01-28T12:54:23","date_gmt":"2021-01-28T18:54:23","guid":{"rendered":"https:\/\/enconecte.com\/?p=17983"},"modified":"2021-02-23T13:34:10","modified_gmt":"2021-02-23T19:34:10","slug":"personal-del-hospital-general-jerez-piden-que-se-les-incluya-en-la-vacunacion-contra-el-covid-19","status":"publish","type":"post","link":"https:\/\/enconecte.com\/?p=17983","title":{"rendered":"Personal del Hospital General Jerez piden que se les incluya en la vacunaci\u00f3n contra el Covid-19"},"content":{"rendered":"<p>El pasado lunes 25 de enero personal del \u00e1rea administrativa del Hospital General Jerez, anunciaron que estar\u00e1n trabajando bajo protesta para que se les tome en cuenta en las listas de vacunaci\u00f3n contra el Covid-19.<\/p>\n<p><strong>Los trabajadores mencionaron<\/strong> \u201cDe hecho nos llam\u00f3 nuestra atenci\u00f3n, que el primer d\u00eda de vacunaci\u00f3n en el Estado, se vacuno sin filtros, el personal que estaba formaron y la aplicaci\u00f3n, aqu\u00ed se hicieron como tres, cuatro filtros, para llegar a esa vacuna, entonces nos llamo la atenci\u00f3n porque fueron descartando mucha gente, y como fuimos de los \u00faltimos municipios en vacunar creemos que eso no fue bien realizado, no hay la transparencia que necesitamos\u201d.<\/p>\n<p>Son 86 trabajadores del \u00e1rea administrativa de este hospital los que no se incluyeron en la lista, quienes siguen a la espera para que les sea aplicada la vacuna, a pesar de ello no han dejado de trabajar porque aseguran firmemente que su moral no los permite hacerlo, de esta manera contin\u00faan trabajando, pero bajo protesta.<\/p>\n<p><strong>Los trabajadores mencionaron<\/strong> \u201cA la fecha ya se han registrado varios casos de contagio en el \u00e1rea de caja y recursos humanos, y consideran que de las \u00e1reas vulnerables son de laboratorio, almac\u00e9n, seguridad, trabajadores de intendencia y administrativo, est\u00e1n expuestos al virus\u201d.<\/p>\n<p>Es por ello que hacen el llamado a las autoridades correspondientes para ser tomados en cuenta para la aplicaci\u00f3n de la vacuna, a parte el Hospital General de Jerez es regional, brinda atenci\u00f3n a Tepetongo, Susticacan y regiones aleda\u00f1as a Jerez.<\/p>\n","protected":false},"excerpt":{"rendered":"<p>El pasado lunes 25 de enero personal del \u00e1rea administrativa del Hospital General Jerez, anunciaron que estar\u00e1n trabajando bajo protesta para que se les tome en cuenta en las listas de vacunaci\u00f3n contra el Covid-19. Los trabajadores mencionaron \u201cDe hecho nos llam\u00f3 nuestra atenci\u00f3n, que el primer d\u00eda de vacunaci\u00f3n en el Estado, se vacuno [&hellip;]<\/p>\n","protected":false},"author":8,"featured_media":17984,"comment_status":"closed","ping_status":"closed","sticky":false,"template":"","format":"standard","meta":{"footnotes":""},"categories":[177],"tags":[2101,117,2154],"class_list":["post-17983","post","type-post","status-publish","format-standard","has-post-thumbnail","hentry","category-municipios","tag-covid-19","tag-salud","tag-vacuna"],"_links":{"self":[{"href":"https:\/\/enconecte.com\/index.php?rest_route=\/wp\/v2\/posts\/17983","targetHints":{"allow":["GET"]}}],"collection":[{"href":"https:\/\/enconecte.com\/index.php?rest_route=\/wp\/v2\/posts"}],"about":[{"href":"https:\/\/enconecte.com\/index.php?rest_route=\/wp\/v2\/types\/post"}],"author":[{"embeddable":true,"href":"https:\/\/enconecte.com\/index.php?rest_route=\/wp\/v2\/users\/8"}],"replies":[{"embeddable":true,"href":"https:\/\/enconecte.com\/index.php?rest_route=%2Fwp%2Fv2%2Fcomments&post=17983"}],"version-history":[{"count":0,"href":"https:\/\/enconecte.com\/index.php?rest_route=\/wp\/v2\/posts\/17983\/revisions"}],"wp:featuredmedia":[{"embeddable":true,"href":"https:\/\/enconecte.com\/index.php?rest_route=\/wp\/v2\/media\/17984"}],"wp:attachment":[{"href":"https:\/\/enconecte.com\/index.php?rest_route=%2Fwp%2Fv2%2Fmedia&parent=17983"}],"wp:term":[{"taxonomy":"category","embeddable":true,"href":"https:\/\/enconecte.com\/index.php?rest_route=%2Fwp%2Fv2%2Fcategories&post=17983"},{"taxonomy":"post_tag","embeddable":true,"href":"https:\/\/enconecte.com\/index.php?rest_route=%2Fwp%2Fv2%2Ftags&post=17983"}],"curies":[{"name":"wp","href":"https:\/\/api.w.org\/{rel}","templated":true}]}}