{"id":17980,"date":"2021-01-27T16:53:11","date_gmt":"2021-01-27T22:53:11","guid":{"rendered":"https:\/\/enconecte.com\/?p=17980"},"modified":"2021-01-27T16:53:11","modified_gmt":"2021-01-27T22:53:11","slug":"ofrecen-conferencia-a-familiares-con-perdidas-por-covid-19","status":"publish","type":"post","link":"https:\/\/enconecte.com\/?p=17980","title":{"rendered":"Ofrecen conferencia a familiares con p\u00e9rdidas por Covid-19"},"content":{"rendered":"<p>A fin de apoyar a familiares de v\u00edctimas mortales por la pandemia, el DIF Municipal ofreci\u00f3 la conferencia C\u00f3mo afrontar el duelo ante la p\u00e9rdida por COVID-19, dirigida por Fausto Reveles.<\/p>\n<p>La Presidenta Honor\u00edfica del organismo, Nayeli \u00c1lvarez Haro, se\u00f1al\u00f3 la preocupaci\u00f3n que tiene el Ayuntamiento por la compleja situaci\u00f3n que atraviesa el municipio, por lo cual constantemente emprende acciones para apoyar a los jerezanos m\u00e1s vulnerados y en este caso \u201cquisimos dar luz y consuelo a quienes han perdido un familiar\u201d, expres\u00f3.<\/p>\n<p>En la charla realizada en el Foyer del teatro Hinojosa, el expositor explic\u00f3 que asimilar la muerte no es f\u00e1cil y menos aun para la actual sociedad que vive bajo una \u00e9tica posmoderna de consumo r\u00e1pido en la que el dolor debe desaparecer con inmediatez.<\/p>\n<p>La actual contingencia complica a\u00fan m\u00e1s la falta de costumbre al dolor, pues los allegados a las v\u00edctimas no pueden contar con el cuerpo del fallecido para efectuar un funeral, interrumpiendo el debido proceso del duelo, enfatiz\u00f3.<\/p>\n<p>Ante este gran reto el especialista recomend\u00f3 analizar la emoci\u00f3n que se siente ya sea ira, frustraci\u00f3n o culpa, y expresarla en su totalidad por el medio y el tiempo que lo requiera.<\/p>\n<p>A su vez aconsej\u00f3 hacer conscientes a los ni\u00f1os del proceso natural de la muerte, no tomar decisiones apresuradas ante decesos repentinos, adem\u00e1s de buscar ayuda profesional para resolver conflictos personales o familiares consecuentes permitiendo un an\u00e1lisis psicol\u00f3gico, econ\u00f3mico y social de lo que se est\u00e9 viviendo.<\/p>\n","protected":false},"excerpt":{"rendered":"<p>A fin de apoyar a familiares de v\u00edctimas mortales por la pandemia, el DIF Municipal ofreci\u00f3 la conferencia C\u00f3mo afrontar el duelo ante la p\u00e9rdida por COVID-19, dirigida por Fausto Reveles. La Presidenta Honor\u00edfica del organismo, Nayeli \u00c1lvarez Haro, se\u00f1al\u00f3 la preocupaci\u00f3n que tiene el Ayuntamiento por la compleja situaci\u00f3n que atraviesa el municipio, por [&hellip;]<\/p>\n","protected":false},"author":8,"featured_media":17981,"comment_status":"closed","ping_status":"closed","sticky":false,"template":"","format":"standard","meta":{"footnotes":""},"categories":[1370],"tags":[],"class_list":["post-17980","post","type-post","status-publish","format-standard","has-post-thumbnail","hentry","category-jerez"],"_links":{"self":[{"href":"https:\/\/enconecte.com\/index.php?rest_route=\/wp\/v2\/posts\/17980","targetHints":{"allow":["GET"]}}],"collection":[{"href":"https:\/\/enconecte.com\/index.php?rest_route=\/wp\/v2\/posts"}],"about":[{"href":"https:\/\/enconecte.com\/index.php?rest_route=\/wp\/v2\/types\/post"}],"author":[{"embeddable":true,"href":"https:\/\/enconecte.com\/index.php?rest_route=\/wp\/v2\/users\/8"}],"replies":[{"embeddable":true,"href":"https:\/\/enconecte.com\/index.php?rest_route=%2Fwp%2Fv2%2Fcomments&post=17980"}],"version-history":[{"count":0,"href":"https:\/\/enconecte.com\/index.php?rest_route=\/wp\/v2\/posts\/17980\/revisions"}],"wp:featuredmedia":[{"embeddable":true,"href":"https:\/\/enconecte.com\/index.php?rest_route=\/wp\/v2\/media\/17981"}],"wp:attachment":[{"href":"https:\/\/enconecte.com\/index.php?rest_route=%2Fwp%2Fv2%2Fmedia&parent=17980"}],"wp:term":[{"taxonomy":"category","embeddable":true,"href":"https:\/\/enconecte.com\/index.php?rest_route=%2Fwp%2Fv2%2Fcategories&post=17980"},{"taxonomy":"post_tag","embeddable":true,"href":"https:\/\/enconecte.com\/index.php?rest_route=%2Fwp%2Fv2%2Ftags&post=17980"}],"curies":[{"name":"wp","href":"https:\/\/api.w.org\/{rel}","templated":true}]}}