{"id":17370,"date":"2020-09-01T21:20:12","date_gmt":"2020-09-02T02:20:12","guid":{"rendered":"https:\/\/enconecte.com\/?p=17370"},"modified":"2020-09-03T21:22:07","modified_gmt":"2020-09-04T02:22:07","slug":"acondicionan-de-manera-provisional-nueva-perrera-municipal","status":"publish","type":"post","link":"https:\/\/enconecte.com\/?p=17370","title":{"rendered":"Acondicionan de manera provisional nueva Perrera Municipal"},"content":{"rendered":"<p>Debido a que el inmueble ubicado en el libramiento tr\u00e1nsito pesado fue cedido en comodato a la Guardia Nacional para la construcci\u00f3n de su base militar, el municipio inici\u00f3 los trabajos de acondicionamiento de las instalaciones que albergar\u00e1n la Perrera Municipal de manera provisional.<\/p>\n<p>Liborio Carrillo Castro, Secretario General de Gobierno, inform\u00f3 que el espacio se ubica frente a la colonia San Isidro, en donde menciona que \u201ces un lugar ideal por la lejan\u00eda de la mancha urbana, debido a los malos olores, ruidos y dem\u00e1s molestias que pudieran causar a personas\u201d.<\/p>\n<p>En el lugar ya se llev\u00f3 malla de acero y mamparas para hacer la divisi\u00f3n de corrales, se colocar\u00e1n l\u00e1minas para hacer sombra y no exponer a los animales a las inclemencias del tiempo, as\u00ed como un cuarto para resguardar el alimento.<\/p>\n<p>Recalc\u00f3 que por instrucciones del Presidente Municipal Antonio Aceves, las medidas son temporales y que est\u00e1n a la espera de un proyecto que realice la Direcci\u00f3n de Obras y Servicios P\u00fablicos.<\/p>\n<p>En ese sentido, asegur\u00f3 que los perros que sean trasladados al lugar ser\u00e1n tratados de buena manera como se ha hecho hasta el momento en las otras instalaciones, dado a que tambi\u00e9n contar\u00e1n con personal a cargo de alimentarlos y limpiar las \u00e1reas.<\/p>\n","protected":false},"excerpt":{"rendered":"<p>Debido a que el inmueble ubicado en el libramiento tr\u00e1nsito pesado fue cedido en comodato a la Guardia Nacional para la construcci\u00f3n de su base militar, el municipio inici\u00f3 los trabajos de acondicionamiento de las instalaciones que albergar\u00e1n la Perrera Municipal de manera provisional. Liborio Carrillo Castro, Secretario General de Gobierno, inform\u00f3 que el espacio [&hellip;]<\/p>\n","protected":false},"author":9,"featured_media":17371,"comment_status":"closed","ping_status":"closed","sticky":false,"template":"","format":"standard","meta":{"footnotes":""},"categories":[1370],"tags":[],"class_list":["post-17370","post","type-post","status-publish","format-standard","has-post-thumbnail","hentry","category-jerez"],"_links":{"self":[{"href":"https:\/\/enconecte.com\/index.php?rest_route=\/wp\/v2\/posts\/17370","targetHints":{"allow":["GET"]}}],"collection":[{"href":"https:\/\/enconecte.com\/index.php?rest_route=\/wp\/v2\/posts"}],"about":[{"href":"https:\/\/enconecte.com\/index.php?rest_route=\/wp\/v2\/types\/post"}],"author":[{"embeddable":true,"href":"https:\/\/enconecte.com\/index.php?rest_route=\/wp\/v2\/users\/9"}],"replies":[{"embeddable":true,"href":"https:\/\/enconecte.com\/index.php?rest_route=%2Fwp%2Fv2%2Fcomments&post=17370"}],"version-history":[{"count":0,"href":"https:\/\/enconecte.com\/index.php?rest_route=\/wp\/v2\/posts\/17370\/revisions"}],"wp:featuredmedia":[{"embeddable":true,"href":"https:\/\/enconecte.com\/index.php?rest_route=\/wp\/v2\/media\/17371"}],"wp:attachment":[{"href":"https:\/\/enconecte.com\/index.php?rest_route=%2Fwp%2Fv2%2Fmedia&parent=17370"}],"wp:term":[{"taxonomy":"category","embeddable":true,"href":"https:\/\/enconecte.com\/index.php?rest_route=%2Fwp%2Fv2%2Fcategories&post=17370"},{"taxonomy":"post_tag","embeddable":true,"href":"https:\/\/enconecte.com\/index.php?rest_route=%2Fwp%2Fv2%2Ftags&post=17370"}],"curies":[{"name":"wp","href":"https:\/\/api.w.org\/{rel}","templated":true}]}}