{"id":1710,"date":"2013-11-08T18:53:09","date_gmt":"2013-11-09T00:53:09","guid":{"rendered":"http:\/\/www.enconecte.com\/?p=1710"},"modified":"2021-02-24T21:05:32","modified_gmt":"2021-02-25T03:05:32","slug":"fresnillo-invitan-97-batallon-y-dif-conferencias-contra-las-adicciones","status":"publish","type":"post","link":"https:\/\/enconecte.com\/?p=1710","title":{"rendered":"Invitan 97 batall\u00f3n y DIF conferencias contra las adicciones"},"content":{"rendered":"<ul>\n<li><b>Se llevar\u00e1n acabo en las instalaciones del DIF Plateros este s\u00e1bado 9 de noviembre<\/b><b><i>\u00a0<\/i><\/b><\/li>\n<\/ul>\n<p><b><i>Fresnillo, Zac<\/i><\/b>.- Dentro de los trabajos en coordinaci\u00f3n que ejecuta el 97 Batall\u00f3n de Infanter\u00eda y el Sistema Municipal DIF se realizar\u00e1n conferencias sobre los riesgos de las adicciones en la sociedad.<\/p>\n<p>Este s\u00e1bado 9 de noviembre se impartir\u00e1n dos conferencias denominadas, Prevenci\u00f3n de las Adicciones, y 10 Estrategias Para Evitar Caer en Adicciones, el DIF hace la invitaci\u00f3n a la ciudadan\u00eda para que acuda a las dos ponencias.<\/p>\n<p>El evento se realizar\u00e1 en las instalaciones de DIF, en la avenida Plateros a partir de las 9:30 horas, las conferencias no tendr\u00e1n ning\u00fan costo.<\/p>\n<p>Las ponencias ser\u00e1n impartidas por personal conscripto en el Servicio Militar Nacional, encabezados por el Mayor M\u00e9dico Militar, Jos\u00e9 Miguel Gonz\u00e1lez Pedroza.<\/p>\n<p>\u201cUn beneficio para la sociedad y para la integraci\u00f3n de las familias, es que se realizan este tipo de conferencias, para el DIF municipal es importante la prevenci\u00f3n de las adicciones, hacemos la cordial invitaci\u00f3n a la ciudadan\u00eda para que acuda este s\u00e1bado\u201d dijo Jazm\u00edn Garc\u00eda Ruvalcaba, directora del DIF Municipal.<\/p>\n<p>Una parte importante del trabajo que realiza el personal castrense en el municipio en el tema de las adicciones es la prevenci\u00f3n, es por lo que se realizan este tipo de conferencias a ni\u00f1os, j\u00f3venes y adultos.<\/p>\n<p>&nbsp;<\/p>\n","protected":false},"excerpt":{"rendered":"<p>Se llevar\u00e1n acabo en las instalaciones del DIF Plateros este s\u00e1bado 9 de noviembre\u00a0 Fresnillo, Zac.- Dentro de los trabajos en coordinaci\u00f3n que ejecuta el 97 Batall\u00f3n de Infanter\u00eda y el Sistema Municipal DIF se realizar\u00e1n conferencias sobre los riesgos de las adicciones en la sociedad. Este s\u00e1bado 9 de noviembre se impartir\u00e1n dos conferencias [&hellip;]<\/p>\n","protected":false},"author":7,"featured_media":1711,"comment_status":"closed","ping_status":"closed","sticky":false,"template":"","format":"standard","meta":{"footnotes":""},"categories":[177],"tags":[193,94,262,590],"class_list":["post-1710","post","type-post","status-publish","format-standard","has-post-thumbnail","hentry","category-municipios","tag-conferencia","tag-dif","tag-fresnillozac","tag-jackie-martinez-juarez"],"_links":{"self":[{"href":"https:\/\/enconecte.com\/index.php?rest_route=\/wp\/v2\/posts\/1710","targetHints":{"allow":["GET"]}}],"collection":[{"href":"https:\/\/enconecte.com\/index.php?rest_route=\/wp\/v2\/posts"}],"about":[{"href":"https:\/\/enconecte.com\/index.php?rest_route=\/wp\/v2\/types\/post"}],"author":[{"embeddable":true,"href":"https:\/\/enconecte.com\/index.php?rest_route=\/wp\/v2\/users\/7"}],"replies":[{"embeddable":true,"href":"https:\/\/enconecte.com\/index.php?rest_route=%2Fwp%2Fv2%2Fcomments&post=1710"}],"version-history":[{"count":0,"href":"https:\/\/enconecte.com\/index.php?rest_route=\/wp\/v2\/posts\/1710\/revisions"}],"wp:featuredmedia":[{"embeddable":true,"href":"https:\/\/enconecte.com\/index.php?rest_route=\/wp\/v2\/media\/1711"}],"wp:attachment":[{"href":"https:\/\/enconecte.com\/index.php?rest_route=%2Fwp%2Fv2%2Fmedia&parent=1710"}],"wp:term":[{"taxonomy":"category","embeddable":true,"href":"https:\/\/enconecte.com\/index.php?rest_route=%2Fwp%2Fv2%2Fcategories&post=1710"},{"taxonomy":"post_tag","embeddable":true,"href":"https:\/\/enconecte.com\/index.php?rest_route=%2Fwp%2Fv2%2Ftags&post=1710"}],"curies":[{"name":"wp","href":"https:\/\/api.w.org\/{rel}","templated":true}]}}