{"id":1306,"date":"2013-10-19T10:51:59","date_gmt":"2013-10-19T15:51:59","guid":{"rendered":"http:\/\/www.enconecte.com\/?p=1306"},"modified":"2022-04-05T00:02:41","modified_gmt":"2022-04-05T05:02:41","slug":"llega-la-feria-regional-de-villanueva-2013","status":"publish","type":"post","link":"https:\/\/enconecte.com\/?p=1306","title":{"rendered":"Llega la Feria Regional de Villanueva 2013"},"content":{"rendered":"<ul>\n<li><strong>Se espera una feria tranquila y de ambiente familiar<\/strong><\/li>\n<\/ul>\n<p>La Feria Regional de Villanueva 2013 en honor a San Judas Tadeo, se llevar\u00e1 a cabo del 19 a 29 de octubre, comenzando con la ceremonia de coronaci\u00f3n con la participaci\u00f3n del grupo Elefante, el tradicional baile de feria est\u00e1 programado para el 28 de octubre con Banda Los Recoditos. Todos los eventos del teatro del pueblo ser\u00e1n gratuitos y con artistas de talla nacional como Los Terr\u00edcolas, La Sonora Dinamita, Banda Estrellitas de Sinaloa, Playa Limbo, entre otros. Completa el programa ferial, la corrida de todos del lunes 28 con el rejonero mexicano Rodrigo Santos y el matador Rodolfo Rodr\u00edguez \u201cEl Pana\u201d junto con el torero zacatecano Jorge Delijorge, y con toros de la ganader\u00eda \u201cSuarez del Real\u201d<\/p>\n<p>&nbsp;<\/p>\n<p><strong>Teatro del Pueblo FEREVI 2013<\/strong><\/p>\n<figure id=\"attachment_1308\" aria-describedby=\"caption-attachment-1308\" style=\"width: 300px\" class=\"wp-caption alignleft\"><img loading=\"lazy\" decoding=\"async\" class=\"size-medium wp-image-1308\" alt=\"Feria Regional de Villanueva 2013 \" src=\"http:\/\/www.enconecte.com\/wp-content\/uploads\/2013\/10\/programa-candidatas-ferevi-300x168.jpg\" width=\"300\" height=\"168\" \/><figcaption id=\"caption-attachment-1308\" class=\"wp-caption-text\">Presentaci\u00f3n del programa oficial<\/figcaption><\/figure>\n<p>Oct. 19 &#8211; Elefante<br \/>\nOct. 20 &#8211; Carlos Eduardo Rico<br \/>\nOct. 21 &#8211; Los Terricolas \/ Los Solitarios<br \/>\nOct. 22 &#8211; Sonora Dinamita<br \/>\nOct. 23 &#8211; Memo Bernal<br \/>\nOct. 24 &#8211; Banda Estrellitas de Sinaloa<br \/>\nOct. 25 &#8211; Playa Limbo<br \/>\nOct. 26 &#8211; Ulises Quintero \/ Los Sebastianes<br \/>\nOct. 27 &#8211; Teo Gonzalez<br \/>\nOct. 28 &#8211; Baile de Feria \/Los Recoditos<br \/>\nOct. 29 &#8211; La Fe Norte\u00f1a<\/p>\n<p>&nbsp;<\/p>\n","protected":false},"excerpt":{"rendered":"<p>Se espera una feria tranquila y de ambiente familiar La Feria Regional de Villanueva 2013 en honor a San Judas Tadeo, se llevar\u00e1 a cabo del 19 a 29 de octubre, comenzando con la ceremonia de coronaci\u00f3n con la participaci\u00f3n del grupo Elefante, el tradicional baile de feria est\u00e1 programado para el 28 de octubre [&hellip;]<\/p>\n","protected":false},"author":7,"featured_media":1307,"comment_status":"closed","ping_status":"closed","sticky":false,"template":"","format":"standard","meta":{"footnotes":""},"categories":[4],"tags":[220,216,219,217],"class_list":["post-1306","post","type-post","status-publish","format-standard","has-post-thumbnail","hentry","category-entretenimiento","tag-baile","tag-feria","tag-toros","tag-villanueva"],"_links":{"self":[{"href":"https:\/\/enconecte.com\/index.php?rest_route=\/wp\/v2\/posts\/1306","targetHints":{"allow":["GET"]}}],"collection":[{"href":"https:\/\/enconecte.com\/index.php?rest_route=\/wp\/v2\/posts"}],"about":[{"href":"https:\/\/enconecte.com\/index.php?rest_route=\/wp\/v2\/types\/post"}],"author":[{"embeddable":true,"href":"https:\/\/enconecte.com\/index.php?rest_route=\/wp\/v2\/users\/7"}],"replies":[{"embeddable":true,"href":"https:\/\/enconecte.com\/index.php?rest_route=%2Fwp%2Fv2%2Fcomments&post=1306"}],"version-history":[{"count":0,"href":"https:\/\/enconecte.com\/index.php?rest_route=\/wp\/v2\/posts\/1306\/revisions"}],"wp:featuredmedia":[{"embeddable":true,"href":"https:\/\/enconecte.com\/index.php?rest_route=\/wp\/v2\/media\/1307"}],"wp:attachment":[{"href":"https:\/\/enconecte.com\/index.php?rest_route=%2Fwp%2Fv2%2Fmedia&parent=1306"}],"wp:term":[{"taxonomy":"category","embeddable":true,"href":"https:\/\/enconecte.com\/index.php?rest_route=%2Fwp%2Fv2%2Fcategories&post=1306"},{"taxonomy":"post_tag","embeddable":true,"href":"https:\/\/enconecte.com\/index.php?rest_route=%2Fwp%2Fv2%2Ftags&post=1306"}],"curies":[{"name":"wp","href":"https:\/\/api.w.org\/{rel}","templated":true}]}}