{"id":12255,"date":"2018-01-13T14:47:38","date_gmt":"2018-01-13T20:47:38","guid":{"rendered":"http:\/\/enconecte.com\/?p=12255"},"modified":"2018-01-13T14:47:38","modified_gmt":"2018-01-13T20:47:38","slug":"en-proceso-la-conformacion-del-programa-para-la-jerezada-2018","status":"publish","type":"post","link":"https:\/\/enconecte.com\/?p=12255","title":{"rendered":"En proceso la conformaci\u00f3n del programa para la Jerezada 2018"},"content":{"rendered":"<ul>\n<li><strong>En busca de circuito para la Jerezadita<\/strong><\/li>\n<\/ul>\n<p>El presidente Fernando Uc Jacobo se reuni\u00f3 con la Pe\u00f1a Taurina isidro Mu\u00f1oz Rodr\u00edguez, con el objeto de delinear algunos aspectos de la edici\u00f3n 2018 de la Jerezada, que considerar\u00e1 igual que en las anteriores, el encierro nocturno, as\u00ed como eventos culturales, gastron\u00f3micos, art\u00edsticos y evidentemente taurinos.<\/p>\n<p>Considerando la importancia que ha cobrado en casi dos d\u00e9cadas de existencia y la derrama econ\u00f3mica que genera, el evento tendr\u00e1 un presupuesto de m\u00e1s de medio mill\u00f3n de pesos, entre el recurso extraordinario gestionado ante la Secretar\u00eda de\u00a0 Finanzas y lo que el municipio destinar\u00eda como aportaci\u00f3n.<\/p>\n<p>Las propuestas que tanto el presidente municipal como la propia pe\u00f1a han escuchado de parte de empresarios taurinos y de espect\u00e1culos art\u00edsticos, se analizar\u00e1n en el transcurso de estos d\u00edas para determinar el programa definitivo.<\/p>\n<p>De esta manera, la propia pe\u00f1a en forma coordinada con la direcci\u00f3n de turismo municipal, se encargar\u00e1n de estructurar el proyecto y de un momento a otro dar\u00e1n a conocer el cartel que se anticipa ser\u00e1 atractivo tanto para visitantes como para quienes viven aqu\u00ed.<\/p>\n<p>Por otra parte, ambas instancias que participan en la organizaci\u00f3n, buscan una nueva alternativa para la Jerezadita, que es el encierro de vaquillas, para ni\u00f1os menores de 12 a\u00f1os, esto debido a que por disposici\u00f3n del INAH, no es posible utilizar la Plaza Tacuba para eventos masivos y sobre todo con uso de sonidos, debido a las afectaciones en la estructura del templo parroquial.<\/p>\n","protected":false},"excerpt":{"rendered":"<p>En busca de circuito para la Jerezadita El presidente Fernando Uc Jacobo se reuni\u00f3 con la Pe\u00f1a Taurina isidro Mu\u00f1oz Rodr\u00edguez, con el objeto de delinear algunos aspectos de la edici\u00f3n 2018 de la Jerezada, que considerar\u00e1 igual que en las anteriores, el encierro nocturno, as\u00ed como eventos culturales, gastron\u00f3micos, art\u00edsticos y evidentemente taurinos. Considerando [&hellip;]<\/p>\n","protected":false},"author":9,"featured_media":12256,"comment_status":"closed","ping_status":"closed","sticky":false,"template":"","format":"standard","meta":{"footnotes":""},"categories":[1370],"tags":[653],"class_list":["post-12255","post","type-post","status-publish","format-standard","has-post-thumbnail","hentry","category-jerez","tag-jerezada"],"_links":{"self":[{"href":"https:\/\/enconecte.com\/index.php?rest_route=\/wp\/v2\/posts\/12255","targetHints":{"allow":["GET"]}}],"collection":[{"href":"https:\/\/enconecte.com\/index.php?rest_route=\/wp\/v2\/posts"}],"about":[{"href":"https:\/\/enconecte.com\/index.php?rest_route=\/wp\/v2\/types\/post"}],"author":[{"embeddable":true,"href":"https:\/\/enconecte.com\/index.php?rest_route=\/wp\/v2\/users\/9"}],"replies":[{"embeddable":true,"href":"https:\/\/enconecte.com\/index.php?rest_route=%2Fwp%2Fv2%2Fcomments&post=12255"}],"version-history":[{"count":0,"href":"https:\/\/enconecte.com\/index.php?rest_route=\/wp\/v2\/posts\/12255\/revisions"}],"wp:featuredmedia":[{"embeddable":true,"href":"https:\/\/enconecte.com\/index.php?rest_route=\/wp\/v2\/media\/12256"}],"wp:attachment":[{"href":"https:\/\/enconecte.com\/index.php?rest_route=%2Fwp%2Fv2%2Fmedia&parent=12255"}],"wp:term":[{"taxonomy":"category","embeddable":true,"href":"https:\/\/enconecte.com\/index.php?rest_route=%2Fwp%2Fv2%2Fcategories&post=12255"},{"taxonomy":"post_tag","embeddable":true,"href":"https:\/\/enconecte.com\/index.php?rest_route=%2Fwp%2Fv2%2Ftags&post=12255"}],"curies":[{"name":"wp","href":"https:\/\/api.w.org\/{rel}","templated":true}]}}