{"id":12237,"date":"2018-01-09T18:07:36","date_gmt":"2018-01-10T00:07:36","guid":{"rendered":"http:\/\/enconecte.com\/?p=12237"},"modified":"2018-01-09T18:07:36","modified_gmt":"2018-01-10T00:07:36","slug":"la-presidencia-municipal-invita-a-reactivar-becas-de-transporte","status":"publish","type":"post","link":"https:\/\/enconecte.com\/?p=12237","title":{"rendered":"La presidencia municipal invita a reactivar becas de transporte"},"content":{"rendered":"<p>La coordinaci\u00f3n municipal de educaci\u00f3n en el municipio a cargo de Miguel \u00c1ngel S\u00e1nchez Cabral invita a los j\u00f3venes que estudian en la capital del estado a reactivar la beca de transporte y a quienes son de nuevo ingreso en\u00a0 el actual semestre, soliciten el apoyo que les permite costear el traslado del cami\u00f3n a un menor costo.<\/p>\n<p>Con el arranque de nuevo semestre inicia el proceso de reactivaci\u00f3n de beca de transporte en la presidencia municipal inform\u00f3 S\u00e1nchez Cabral, quien expres\u00f3 que son las mismas credenciales las que se estar\u00e1n utilizando, pero es necesario que los solicitantes se hayan inscrito en la instituci\u00f3n, para lo cual deber\u00e1n presentar la constancia de estudios solicitada ante el plantel con la finalidad de acreditar que contin\u00faan acudiendo a clases.<\/p>\n<p>Debido a las bajas de matricula que se dan cada semestre es oportuno dar de alta a estudiantes que van a reanudar estudios en el actual semestre, en ese sentido expres\u00f3 que las personas que solicitan por primera vez la credencial deber\u00e1n presentar ante la coordinaci\u00f3n municipal de educaci\u00f3n: estudio socioecon\u00f3mico expedido por el DIF, constancia de estudio otorgada por la instituci\u00f3n, calificaciones del semestre anterior, copia de credencial del INE y copia de credencial de la instituci\u00f3n, aunque en este caso es posible sustituirla con el recibo de pago de inscripci\u00f3n.<\/p>\n<p>Resalt\u00f3 la\u00a0 importancia de que los interesados entreguen la documentaci\u00f3n respectiva a la mayor brevedad para \u00a0iniciar con el tr\u00e1mite y puedan contar con el apoyo lo antes posible.<\/p>\n","protected":false},"excerpt":{"rendered":"<p>La coordinaci\u00f3n municipal de educaci\u00f3n en el municipio a cargo de Miguel \u00c1ngel S\u00e1nchez Cabral invita a los j\u00f3venes que estudian en la capital del estado a reactivar la beca de transporte y a quienes son de nuevo ingreso en\u00a0 el actual semestre, soliciten el apoyo que les permite costear el traslado del cami\u00f3n a [&hellip;]<\/p>\n","protected":false},"author":9,"featured_media":12238,"comment_status":"closed","ping_status":"closed","sticky":false,"template":"","format":"standard","meta":{"footnotes":""},"categories":[1370],"tags":[26],"class_list":["post-12237","post","type-post","status-publish","format-standard","has-post-thumbnail","hentry","category-jerez","tag-jerez"],"_links":{"self":[{"href":"https:\/\/enconecte.com\/index.php?rest_route=\/wp\/v2\/posts\/12237","targetHints":{"allow":["GET"]}}],"collection":[{"href":"https:\/\/enconecte.com\/index.php?rest_route=\/wp\/v2\/posts"}],"about":[{"href":"https:\/\/enconecte.com\/index.php?rest_route=\/wp\/v2\/types\/post"}],"author":[{"embeddable":true,"href":"https:\/\/enconecte.com\/index.php?rest_route=\/wp\/v2\/users\/9"}],"replies":[{"embeddable":true,"href":"https:\/\/enconecte.com\/index.php?rest_route=%2Fwp%2Fv2%2Fcomments&post=12237"}],"version-history":[{"count":0,"href":"https:\/\/enconecte.com\/index.php?rest_route=\/wp\/v2\/posts\/12237\/revisions"}],"wp:featuredmedia":[{"embeddable":true,"href":"https:\/\/enconecte.com\/index.php?rest_route=\/wp\/v2\/media\/12238"}],"wp:attachment":[{"href":"https:\/\/enconecte.com\/index.php?rest_route=%2Fwp%2Fv2%2Fmedia&parent=12237"}],"wp:term":[{"taxonomy":"category","embeddable":true,"href":"https:\/\/enconecte.com\/index.php?rest_route=%2Fwp%2Fv2%2Fcategories&post=12237"},{"taxonomy":"post_tag","embeddable":true,"href":"https:\/\/enconecte.com\/index.php?rest_route=%2Fwp%2Fv2%2Ftags&post=12237"}],"curies":[{"name":"wp","href":"https:\/\/api.w.org\/{rel}","templated":true}]}}