{"id":10633,"date":"2017-03-22T18:58:38","date_gmt":"2017-03-23T00:58:38","guid":{"rendered":"http:\/\/enconecte.com\/?p=10633"},"modified":"2022-04-05T00:01:04","modified_gmt":"2022-04-05T05:01:04","slug":"programa-teatro-del-pueblo-de-la-feria-jerez-2017","status":"publish","type":"post","link":"https:\/\/enconecte.com\/?p=10633","title":{"rendered":"Programa Teatro del Pueblo de la Feria Jerez 2017"},"content":{"rendered":"<p>Los artistas sitiados en los primeros lugares de popularidad en el momento en el g\u00e9nero regional mexicano, forman parte del elenco que se presentar\u00e1 en el Teatro del Pueblo en este a\u00f1o, as\u00ed lo manifest\u00f3 el presidente municipal Fernando Enrique Uc Jacobo luego de mencionar los nombres de quienes se presentar\u00e1n en la explanada ferial.<\/p>\n<p><strong>Teatro del Pueblo<br \/>\n<\/strong>del 12 al 24 de abril<\/p>\n<p><strong>Banda MS<\/strong>\u00a0&#8211; Mi\u00e9rcoles 12<br \/>\n<strong>La S\u00e9ptima Banda<\/strong> &#8211;\u00a0S\u00e1bado 15<br \/>\n<strong>Alfredo Olivas<\/strong> &#8211;\u00a0Domingo 16<strong><span class=\"text_exposed_show\"><br \/>\n<\/span><\/strong><strong><span class=\"text_exposed_show\">Playa Limbo<\/span><\/strong><span class=\"text_exposed_show\"> &#8211;\u00a0<\/span><span class=\"text_exposed_show\">Lunes 17<\/span><strong><span class=\"text_exposed_show\"><br \/>\n<\/span><\/strong><strong><span class=\"text_exposed_show\">Los \u00c1ngeles Azules<\/span><\/strong><span class=\"text_exposed_show\"> &#8211; Martes 18<\/span><strong><span class=\"text_exposed_show\"><br \/>\n<\/span><\/strong><strong><span class=\"text_exposed_show\">Los Plebes del Rancho<\/span><\/strong><span class=\"text_exposed_show\"> &#8211;\u00a0<\/span><span class=\"text_exposed_show\">Mi\u00e9rcoles 19<\/span><strong><span class=\"text_exposed_show\"><br \/>\n<\/span><\/strong><strong><span class=\"text_exposed_show\">Juli\u00f3n \u00c1lvarez<\/span><\/strong><span class=\"text_exposed_show\"> &#8211; Jueves 20<strong><br \/>\n<\/strong><strong>Remmy Valenzuela<\/strong> &#8211; Domingo 21<\/span><strong><span class=\"text_exposed_show\"><br \/>\nBaile del Ayer<\/span><\/strong><span class=\"text_exposed_show\"> &#8211; S\u00e1bado 22<\/span><strong><span class=\"text_exposed_show\"><br \/>\n<\/span><\/strong><strong><span class=\"text_exposed_show\">La Adictiva<\/span><\/strong><span class=\"text_exposed_show\"> &#8211; Domingo 23<\/span><strong><span class=\"text_exposed_show\"><br \/>\n<\/span><\/strong><strong><span class=\"text_exposed_show\">La Arrolladora<\/span><\/strong><span class=\"text_exposed_show\"> &#8211; Lunes 24<\/span><\/p>\n<p><em>Fechas confirmadas<\/em><\/p>\n<p><img loading=\"lazy\" decoding=\"async\" class=\"size-large wp-image-10722\" src=\"https:\/\/enconecte.com\/wp-content\/uploads\/2017\/03\/programa-feria-jerez-zacatecas-2017-663x1024.jpg\" alt=\"Programa Teatro del Pueblo de la Feria Jerez 2017\" width=\"663\" height=\"1024\" srcset=\"https:\/\/enconecte.com\/wp-content\/uploads\/2017\/03\/programa-feria-jerez-zacatecas-2017-663x1024.jpg 663w, https:\/\/enconecte.com\/wp-content\/uploads\/2017\/03\/programa-feria-jerez-zacatecas-2017-194x300.jpg 194w, https:\/\/enconecte.com\/wp-content\/uploads\/2017\/03\/programa-feria-jerez-zacatecas-2017.jpg 720w\" sizes=\"auto, (max-width: 663px) 100vw, 663px\" \/><\/p>\n","protected":false},"excerpt":{"rendered":"<p>Los artistas sitiados en los primeros lugares de popularidad en el momento en el g\u00e9nero regional mexicano, forman parte del elenco que se presentar\u00e1 en el Teatro del Pueblo en este a\u00f1o, as\u00ed lo manifest\u00f3 el presidente municipal Fernando Enrique Uc Jacobo luego de mencionar los nombres de quienes se presentar\u00e1n en la explanada ferial. [&hellip;]<\/p>\n","protected":false},"author":9,"featured_media":10722,"comment_status":"closed","ping_status":"closed","sticky":false,"template":"","format":"standard","meta":{"footnotes":""},"categories":[4],"tags":[216,26,292],"class_list":["post-10633","post","type-post","status-publish","format-standard","has-post-thumbnail","hentry","category-entretenimiento","tag-feria","tag-jerez","tag-programa"],"_links":{"self":[{"href":"https:\/\/enconecte.com\/index.php?rest_route=\/wp\/v2\/posts\/10633","targetHints":{"allow":["GET"]}}],"collection":[{"href":"https:\/\/enconecte.com\/index.php?rest_route=\/wp\/v2\/posts"}],"about":[{"href":"https:\/\/enconecte.com\/index.php?rest_route=\/wp\/v2\/types\/post"}],"author":[{"embeddable":true,"href":"https:\/\/enconecte.com\/index.php?rest_route=\/wp\/v2\/users\/9"}],"replies":[{"embeddable":true,"href":"https:\/\/enconecte.com\/index.php?rest_route=%2Fwp%2Fv2%2Fcomments&post=10633"}],"version-history":[{"count":0,"href":"https:\/\/enconecte.com\/index.php?rest_route=\/wp\/v2\/posts\/10633\/revisions"}],"wp:featuredmedia":[{"embeddable":true,"href":"https:\/\/enconecte.com\/index.php?rest_route=\/wp\/v2\/media\/10722"}],"wp:attachment":[{"href":"https:\/\/enconecte.com\/index.php?rest_route=%2Fwp%2Fv2%2Fmedia&parent=10633"}],"wp:term":[{"taxonomy":"category","embeddable":true,"href":"https:\/\/enconecte.com\/index.php?rest_route=%2Fwp%2Fv2%2Fcategories&post=10633"},{"taxonomy":"post_tag","embeddable":true,"href":"https:\/\/enconecte.com\/index.php?rest_route=%2Fwp%2Fv2%2Ftags&post=10633"}],"curies":[{"name":"wp","href":"https:\/\/api.w.org\/{rel}","templated":true}]}}