{"id":10001,"date":"2016-11-10T15:46:20","date_gmt":"2016-11-10T21:46:20","guid":{"rendered":"http:\/\/enconecte.com\/?p=10001"},"modified":"2016-11-10T15:46:20","modified_gmt":"2016-11-10T21:46:20","slug":"obama-y-trump-discuten-amplia-agenda-en-la-casa-blanca","status":"publish","type":"post","link":"https:\/\/enconecte.com\/?p=10001","title":{"rendered":"Obama y Trump discuten amplia agenda en la Casa Blanca"},"content":{"rendered":"<p>El presidente estadunidense Barack Obama y el presidente electo Donald Trump iniciaron hoy el proceso de transici\u00f3n con una reuni\u00f3n en la Casa Blanca, en la que abandonaron la dura ret\u00f3rica de la campa\u00f1a y se dieron un reconocimiento mutuo.<\/p>\n<p>Adem\u00e1s de los temas de organizaci\u00f3n, durante el encuentro de m\u00e1s de 90 minutos, Obama y Trump abordaron asuntos de pol\u00edtica dom\u00e9stica, pero sobre todo, buscaron proyectar un sentido de cooperaci\u00f3n ante el estado de divisi\u00f3n que dej\u00f3 el proceso electoral.<\/p>\n<p>\u201cMi prioridad en los pr\u00f3ximos dos meses es tratar de facilitar una transici\u00f3n que asegure que el presidente electo tenga \u00e9xito\u201d, asegur\u00f3 Obama ante reporteros que abarrotaron la Oficina Oval, donde \u00e9l y Trump ofrecieron breves declaraciones, antes de estrecharse la mano, para sellar el encuentro.<\/p>\n<p>Obama se dijo alentado por la disposici\u00f3n de Trump para trabajar con su equipo, y reiter\u00f3 su llamado para apoyar al republicano, como lo hizo el mi\u00e9rcoles al ofrecer sus primeras reacciones tras concluida la elecci\u00f3n presidencial y felicitar al mandatario electo.<\/p>\n<p>\u201cCreo que es importante para todos nosotros, sin importar partido ni las preferencias pol\u00edticas, para sumarnos, trabajar juntos para responder a los muchos retos que ahora enfrentamos\u201d, subray\u00f3.<\/p>\n<p>Trump por su parte calific\u00f3 como favorable la reuni\u00f3n, pese a ser la primera vez que ambos l\u00edderes se encontraron, y extern\u00f3 su respeto hacia el hombre de quien cuestion\u00f3 su nacionalidad hace cuatro a\u00f1os. \u201cDiscutimos varias diferentes situaciones, algunas excelentes, otras dif\u00edciles, y espero poder hablar con el presidente en el futuro, incluyendo su asesor\u00eda\u201d, apunt\u00f3.<\/p>\n<p>El vocero presidencial expuso a su vez que el prop\u00f3sito del encuentro no fue dirimir las diferencias de la campa\u00f1a presidencial, sino poner en marcha un proceso de transici\u00f3n que contribuya al \u00e9xito de la administraci\u00f3n entrante. La primera dama Michelle Obama se reuni\u00f3 por su parte con Melania Trump, quien en unas semanas asumir\u00e1 las responsabilidades que ella condujo durante los pasados ocho a\u00f1os.<\/p>\n<p>Esta tarde, el vicepresidente electo, Mike Pence, visitar\u00e1 la Casa Blanca para entrevistarse con el vicepresidente, Joe Biden. Pence celebr\u00f3 la ma\u00f1ana de este jueves una reuni\u00f3n con los l\u00edderes republicanos en el Congreso para discutir cu\u00e1les ser\u00e1n las prioridades legislativas del nuevo gobierno que asumir\u00e1 el pr\u00f3ximo 20 de enero.<\/p>\n","protected":false},"excerpt":{"rendered":"<p>El presidente estadunidense Barack Obama y el presidente electo Donald Trump iniciaron hoy el proceso de transici\u00f3n con una reuni\u00f3n en la Casa Blanca, en la que abandonaron la dura ret\u00f3rica de la campa\u00f1a y se dieron un reconocimiento mutuo. Adem\u00e1s de los temas de organizaci\u00f3n, durante el encuentro de m\u00e1s de 90 minutos, Obama [&hellip;]<\/p>\n","protected":false},"author":9,"featured_media":10002,"comment_status":"closed","ping_status":"closed","sticky":false,"template":"","format":"standard","meta":{"footnotes":""},"categories":[317],"tags":[1244],"class_list":["post-10001","post","type-post","status-publish","format-standard","has-post-thumbnail","hentry","category-nacionales","tag-elecciones"],"_links":{"self":[{"href":"https:\/\/enconecte.com\/index.php?rest_route=\/wp\/v2\/posts\/10001","targetHints":{"allow":["GET"]}}],"collection":[{"href":"https:\/\/enconecte.com\/index.php?rest_route=\/wp\/v2\/posts"}],"about":[{"href":"https:\/\/enconecte.com\/index.php?rest_route=\/wp\/v2\/types\/post"}],"author":[{"embeddable":true,"href":"https:\/\/enconecte.com\/index.php?rest_route=\/wp\/v2\/users\/9"}],"replies":[{"embeddable":true,"href":"https:\/\/enconecte.com\/index.php?rest_route=%2Fwp%2Fv2%2Fcomments&post=10001"}],"version-history":[{"count":0,"href":"https:\/\/enconecte.com\/index.php?rest_route=\/wp\/v2\/posts\/10001\/revisions"}],"wp:featuredmedia":[{"embeddable":true,"href":"https:\/\/enconecte.com\/index.php?rest_route=\/wp\/v2\/media\/10002"}],"wp:attachment":[{"href":"https:\/\/enconecte.com\/index.php?rest_route=%2Fwp%2Fv2%2Fmedia&parent=10001"}],"wp:term":[{"taxonomy":"category","embeddable":true,"href":"https:\/\/enconecte.com\/index.php?rest_route=%2Fwp%2Fv2%2Fcategories&post=10001"},{"taxonomy":"post_tag","embeddable":true,"href":"https:\/\/enconecte.com\/index.php?rest_route=%2Fwp%2Fv2%2Ftags&post=10001"}],"curies":[{"name":"wp","href":"https:\/\/api.w.org\/{rel}","templated":true}]}}